{"id":2183,"date":"2025-11-03T16:34:15","date_gmt":"2025-11-03T16:34:15","guid":{"rendered":"https:\/\/choyleefut.ar\/web\/?p=2183"},"modified":"2025-11-03T19:31:01","modified_gmt":"2025-11-03T19:31:01","slug":"iii-congreso-internacional-de-artes-marciales-online-2026","status":"publish","type":"post","link":"https:\/\/choyleefut.ar\/web\/kung-fu\/iii-congreso-internacional-de-artes-marciales-online-2026\/","title":{"rendered":"III Congreso Internacional de Artes Marciales Online 2026"},"content":{"rendered":"\n<p><strong>Una cita imperdible con los grandes maestros del Ving Tsun y el Choy Lee Fut<\/strong><\/p>\n\n\n\n<p>El pr\u00f3ximo <strong>25 de enero de 2026<\/strong>, de <strong>20:00 a 22:00 horas (Espa\u00f1a)<\/strong>, se celebrar\u00e1 una nueva edici\u00f3n del <strong>Congreso Internacional de Artes Marciales Online<\/strong>, un evento que ya se ha convertido en una referencia para practicantes, instructores y entusiastas de todo el mundo. Organizado por el <strong>Consejo de Maestros de las Artes Marciales de Espa\u00f1a (CMAMESPA)<\/strong>, este encuentro virtual re\u00fane a destacados referentes de distintos estilos, compartiendo sus conocimientos, fundamentos t\u00e9cnicos y visiones sobre la pr\u00e1ctica marcial contempor\u00e1nea.<\/p>\n\n\n\n<p>En su <strong>tercera edici\u00f3n<\/strong>, el congreso mantiene su esp\u00edritu de <strong>apertura, intercambio y aprendizaje continuo<\/strong>, brindando acceso libre a todos los participantes a trav\u00e9s de <strong>emisi\u00f3n en directo por YouTube<\/strong>, en el canal oficial del Consejo. Esto permite que practicantes de cualquier pa\u00eds puedan conectarse, escuchar a los maestros invitados y participar de esta experiencia de manera gratuita y sin fronteras.<\/p>\n\n\n\n<h3 class=\"wp-block-heading\">Una noche dedicada al conocimiento marcial<\/h3>\n\n\n\n<p>El programa del congreso estar\u00e1 dividido en dos bloques de una hora cada uno, en los que se abordar\u00e1n dos grandes sistemas tradicionales de kung fu: <strong>Ving Tsun<\/strong> y <strong>Choy Lee Fut<\/strong>.<\/p>\n\n\n\n<hr class=\"wp-block-separator has-alpha-channel-opacity\"\/>\n\n\n\n<h4 class=\"wp-block-heading\">De 20:00 a 21:00 h<\/h4>\n\n\n\n<p><strong>Juan M. Sanz y Emi P\u00e9rez<\/strong><br><em>Sistema Ving Tsun \u2013 Escuela Wong Shun Leung<\/em><\/p>\n\n\n\n<p>Los maestros <strong>Juan M. Sanz<\/strong> y <strong>Emi P\u00e9rez<\/strong> abrir\u00e1n la jornada con una exposici\u00f3n dedicada a las <strong>bases y fundamentos del sistema Ving Tsun<\/strong>, seg\u00fan la l\u00ednea del legendario maestro <strong>Wong Shun Leung<\/strong>, uno de los m\u00e1s reconocidos disc\u00edpulos de Yip Man y mentor de figuras como Bruce Lee.<\/p>\n\n\n\n<p>Durante su intervenci\u00f3n, los ponentes profundizar\u00e1n en los principios esenciales del estilo \u2014la estructura, la l\u00ednea central, la econom\u00eda de movimiento y la respuesta directa\u2014, explicando c\u00f3mo estos conceptos pueden trasladarse tanto al combate como a la vida cotidiana. Con su amplia experiencia docente, Sanz y P\u00e9rez ofrecer\u00e1n una visi\u00f3n clara y pr\u00e1ctica de un sistema que destaca por su simplicidad, efectividad y filosof\u00eda de autodefensa racional.<\/p>\n\n\n\n<hr class=\"wp-block-separator has-alpha-channel-opacity\"\/>\n\n\n\n<h4 class=\"wp-block-heading\">De 21:00 a 22:00 h<\/h4>\n\n\n\n<p><strong>Ra\u00fal Su\u00e1rez<\/strong><br><em>Choy Lee Fut \u2013 Representante en Argentina de la Familia Chan<\/em><\/p>\n\n\n\n<p>El segundo bloque estar\u00e1 a cargo de <strong>Sifu Ra\u00fal Su\u00e1rez<\/strong>, representante oficial de la <strong>Familia Chan en Argentina<\/strong>, disc\u00edpulo directo de <strong>Chen Yong Fa<\/strong>, actual guardi\u00e1n del estilo y descendiente de <strong>Chan Heung<\/strong>, su fundador.<\/p>\n\n\n\n<p>Su\u00e1rez expondr\u00e1 sobre los <strong>principios y fundamentos del Choy Lee Fut<\/strong>, un arte marcial chino conocido por su amplitud t\u00e9cnica, potencia y riqueza filos\u00f3fica. La charla incluir\u00e1 adem\u00e1s una presentaci\u00f3n sobre los <strong>mu\u00f1ecos de entrenamiento<\/strong> caracter\u00edsticos del sistema, herramientas esenciales para el desarrollo de la coordinaci\u00f3n, la precisi\u00f3n y la fuerza interna del practicante.<\/p>\n\n\n\n<p>El enfoque de Sifu Su\u00e1rez combina la fidelidad a la tradici\u00f3n con una profunda comprensi\u00f3n del sentido interno del kung fu: la pr\u00e1ctica como camino de autoconocimiento, disciplina y equilibrio. Su experiencia de m\u00e1s de dos d\u00e9cadas como instructor y su rol activo en la difusi\u00f3n del arte en Am\u00e9rica Latina lo convierten en una voz destacada dentro del panorama marcial internacional.<\/p>\n\n\n\n<hr class=\"wp-block-separator has-alpha-channel-opacity\"\/>\n\n\n\n<h3 class=\"wp-block-heading\">Un evento abierto y gratuito<\/h3>\n\n\n\n<p>El <strong>III Congreso Internacional de Artes Marciales Online 2026<\/strong> reafirma el compromiso del Consejo de Maestros de Espa\u00f1a con la difusi\u00f3n y preservaci\u00f3n de las artes marciales tradicionales. La <strong>transmisi\u00f3n en directo por YouTube<\/strong> permitir\u00e1 acceder al contenido en tiempo real, participar mediante comentarios y disfrutar de las ponencias desde cualquier dispositivo con conexi\u00f3n a internet.<\/p>\n\n\n\n<p>Para quienes deseen recibir m\u00e1s informaci\u00f3n o inscribirse, el evento ofrece contacto directo a trav\u00e9s de <strong>WhatsApp al +34 659 355 559<\/strong>, donde se brindan detalles del programa y el enlace de acceso a la emisi\u00f3n.<\/p>\n\n\n\n<hr class=\"wp-block-separator has-alpha-channel-opacity\"\/>\n\n\n\n<h3 class=\"wp-block-heading\">Aprender, compartir y mantener viva la esencia marcial<\/h3>\n\n\n\n<p>M\u00e1s all\u00e1 de las t\u00e9cnicas, este congreso busca fortalecer la comunidad marcial global. Cada edici\u00f3n se convierte en un punto de encuentro para compartir experiencias, reflexionar sobre la ense\u00f1anza y la pr\u00e1ctica, y mantener vivo el esp\u00edritu de respeto, humildad y crecimiento personal que define a las verdaderas artes marciales.<\/p>\n\n\n\n<p>El 25 de enero, el conocimiento y la tradici\u00f3n volver\u00e1n a encontrarse en un mismo espacio: el del <strong>aprendizaje compartido<\/strong>. Una oportunidad \u00fanica para seguir creciendo como practicantes y como personas.<\/p>\n","protected":false},"excerpt":{"rendered":"<p>Una cita imperdible con los grandes maestros del Ving Tsun y el Choy Lee Fut El pr\u00f3ximo 25 de enero de 2026, de 20:00 a 22:00 horas (Espa\u00f1a), se celebrar\u00e1 una nueva edici\u00f3n del Congreso Internacional de Artes Marciales Online, un evento que ya se ha convertido en una referencia para practicantes, instructores y entusiastas [&hellip;]<\/p>\n","protected":false},"author":2,"featured_media":2184,"comment_status":"open","ping_status":"open","sticky":false,"template":"","format":"standard","meta":{"footnotes":""},"categories":[14,10],"tags":[15],"class_list":["post-2183","post","type-post","status-publish","format-standard","has-post-thumbnail","hentry","category-actividades","category-kung-fu","tag-novedades"],"yoast_head":"<!-- This site is optimized with the Yoast SEO plugin v27.3 - https:\/\/yoast.com\/product\/yoast-seo-wordpress\/ -->\n<title>III Congreso Internacional de Artes Marciales Online 2026 - Choy Lee Fut Argentina<\/title>\n<meta name=\"robots\" content=\"index, follow, max-snippet:-1, max-image-preview:large, max-video-preview:-1\" \/>\n<link rel=\"canonical\" href=\"https:\/\/choyleefut.ar\/web\/kung-fu\/iii-congreso-internacional-de-artes-marciales-online-2026\/\" \/>\n<meta property=\"og:locale\" content=\"es_ES\" \/>\n<meta property=\"og:type\" content=\"article\" \/>\n<meta property=\"og:title\" content=\"III Congreso Internacional de Artes Marciales Online 2026 - Choy Lee Fut Argentina\" \/>\n<meta property=\"og:description\" content=\"Una cita imperdible con los grandes maestros del Ving Tsun y el Choy Lee Fut El pr\u00f3ximo 25 de enero de 2026, de 20:00 a 22:00 horas (Espa\u00f1a), se celebrar\u00e1 una nueva edici\u00f3n del Congreso Internacional de Artes Marciales Online, un evento que ya se ha convertido en una referencia para practicantes, instructores y entusiastas [&hellip;]\" \/>\n<meta property=\"og:url\" content=\"https:\/\/choyleefut.ar\/web\/kung-fu\/iii-congreso-internacional-de-artes-marciales-online-2026\/\" \/>\n<meta property=\"og:site_name\" content=\"Choy Lee Fut Argentina\" \/>\n<meta property=\"article:published_time\" content=\"2025-11-03T16:34:15+00:00\" \/>\n<meta property=\"article:modified_time\" content=\"2025-11-03T19:31:01+00:00\" \/>\n<meta property=\"og:image\" content=\"https:\/\/choyleefut.ar\/web\/wp-content\/uploads\/2025\/11\/Congreso-Artes-Marciales-2026.jpg\" \/>\n\t<meta property=\"og:image:width\" content=\"2560\" \/>\n\t<meta property=\"og:image:height\" content=\"1146\" \/>\n\t<meta property=\"og:image:type\" content=\"image\/jpeg\" \/>\n<meta name=\"author\" content=\"Sifu Ra\u00fal Suarez\" \/>\n<meta name=\"twitter:card\" content=\"summary_large_image\" \/>\n<meta name=\"twitter:label1\" content=\"Escrito por\" \/>\n\t<meta name=\"twitter:data1\" content=\"Sifu Ra\u00fal Suarez\" \/>\n\t<meta name=\"twitter:label2\" content=\"Tiempo de lectura\" \/>\n\t<meta name=\"twitter:data2\" content=\"4 minutos\" \/>\n<script type=\"application\/ld+json\" class=\"yoast-schema-graph\">{\"@context\":\"https:\\\/\\\/schema.org\",\"@graph\":[{\"@type\":\"Article\",\"@id\":\"https:\\\/\\\/choyleefut.ar\\\/web\\\/kung-fu\\\/iii-congreso-internacional-de-artes-marciales-online-2026\\\/#article\",\"isPartOf\":{\"@id\":\"https:\\\/\\\/choyleefut.ar\\\/web\\\/kung-fu\\\/iii-congreso-internacional-de-artes-marciales-online-2026\\\/\"},\"author\":{\"name\":\"Sifu Ra\u00fal Suarez\",\"@id\":\"https:\\\/\\\/choyleefut.ar\\\/web\\\/#\\\/schema\\\/person\\\/77e4f1258179f6b750283bf0cea5288f\"},\"headline\":\"III Congreso Internacional de Artes Marciales Online 2026\",\"datePublished\":\"2025-11-03T16:34:15+00:00\",\"dateModified\":\"2025-11-03T19:31:01+00:00\",\"mainEntityOfPage\":{\"@id\":\"https:\\\/\\\/choyleefut.ar\\\/web\\\/kung-fu\\\/iii-congreso-internacional-de-artes-marciales-online-2026\\\/\"},\"wordCount\":746,\"commentCount\":1,\"image\":{\"@id\":\"https:\\\/\\\/choyleefut.ar\\\/web\\\/kung-fu\\\/iii-congreso-internacional-de-artes-marciales-online-2026\\\/#primaryimage\"},\"thumbnailUrl\":\"https:\\\/\\\/choyleefut.ar\\\/web\\\/wp-content\\\/uploads\\\/2025\\\/11\\\/Congreso-Artes-Marciales-2026.jpg\",\"keywords\":[\"novedades\"],\"articleSection\":[\"Actividades\",\"Kung fu\"],\"inLanguage\":\"es\",\"potentialAction\":[{\"@type\":\"CommentAction\",\"name\":\"Comment\",\"target\":[\"https:\\\/\\\/choyleefut.ar\\\/web\\\/kung-fu\\\/iii-congreso-internacional-de-artes-marciales-online-2026\\\/#respond\"]}]},{\"@type\":\"WebPage\",\"@id\":\"https:\\\/\\\/choyleefut.ar\\\/web\\\/kung-fu\\\/iii-congreso-internacional-de-artes-marciales-online-2026\\\/\",\"url\":\"https:\\\/\\\/choyleefut.ar\\\/web\\\/kung-fu\\\/iii-congreso-internacional-de-artes-marciales-online-2026\\\/\",\"name\":\"III Congreso Internacional de Artes Marciales Online 2026 - Choy Lee Fut Argentina\",\"isPartOf\":{\"@id\":\"https:\\\/\\\/choyleefut.ar\\\/web\\\/#website\"},\"primaryImageOfPage\":{\"@id\":\"https:\\\/\\\/choyleefut.ar\\\/web\\\/kung-fu\\\/iii-congreso-internacional-de-artes-marciales-online-2026\\\/#primaryimage\"},\"image\":{\"@id\":\"https:\\\/\\\/choyleefut.ar\\\/web\\\/kung-fu\\\/iii-congreso-internacional-de-artes-marciales-online-2026\\\/#primaryimage\"},\"thumbnailUrl\":\"https:\\\/\\\/choyleefut.ar\\\/web\\\/wp-content\\\/uploads\\\/2025\\\/11\\\/Congreso-Artes-Marciales-2026.jpg\",\"datePublished\":\"2025-11-03T16:34:15+00:00\",\"dateModified\":\"2025-11-03T19:31:01+00:00\",\"author\":{\"@id\":\"https:\\\/\\\/choyleefut.ar\\\/web\\\/#\\\/schema\\\/person\\\/77e4f1258179f6b750283bf0cea5288f\"},\"breadcrumb\":{\"@id\":\"https:\\\/\\\/choyleefut.ar\\\/web\\\/kung-fu\\\/iii-congreso-internacional-de-artes-marciales-online-2026\\\/#breadcrumb\"},\"inLanguage\":\"es\",\"potentialAction\":[{\"@type\":\"ReadAction\",\"target\":[\"https:\\\/\\\/choyleefut.ar\\\/web\\\/kung-fu\\\/iii-congreso-internacional-de-artes-marciales-online-2026\\\/\"]}]},{\"@type\":\"ImageObject\",\"inLanguage\":\"es\",\"@id\":\"https:\\\/\\\/choyleefut.ar\\\/web\\\/kung-fu\\\/iii-congreso-internacional-de-artes-marciales-online-2026\\\/#primaryimage\",\"url\":\"https:\\\/\\\/choyleefut.ar\\\/web\\\/wp-content\\\/uploads\\\/2025\\\/11\\\/Congreso-Artes-Marciales-2026.jpg\",\"contentUrl\":\"https:\\\/\\\/choyleefut.ar\\\/web\\\/wp-content\\\/uploads\\\/2025\\\/11\\\/Congreso-Artes-Marciales-2026.jpg\",\"width\":2560,\"height\":1146,\"caption\":\"Congreso Internacional de Artes Marciales Online 2026\"},{\"@type\":\"BreadcrumbList\",\"@id\":\"https:\\\/\\\/choyleefut.ar\\\/web\\\/kung-fu\\\/iii-congreso-internacional-de-artes-marciales-online-2026\\\/#breadcrumb\",\"itemListElement\":[{\"@type\":\"ListItem\",\"position\":1,\"name\":\"Home\",\"item\":\"https:\\\/\\\/choyleefut.ar\\\/web\\\/\"},{\"@type\":\"ListItem\",\"position\":2,\"name\":\"III Congreso Internacional de Artes Marciales Online 2026\"}]},{\"@type\":\"WebSite\",\"@id\":\"https:\\\/\\\/choyleefut.ar\\\/web\\\/#website\",\"url\":\"https:\\\/\\\/choyleefut.ar\\\/web\\\/\",\"name\":\"Choy Lee Fut Argentina\",\"description\":\"Escuela tradicional de Kung fu\",\"potentialAction\":[{\"@type\":\"SearchAction\",\"target\":{\"@type\":\"EntryPoint\",\"urlTemplate\":\"https:\\\/\\\/choyleefut.ar\\\/web\\\/?s={search_term_string}\"},\"query-input\":{\"@type\":\"PropertyValueSpecification\",\"valueRequired\":true,\"valueName\":\"search_term_string\"}}],\"inLanguage\":\"es\"},{\"@type\":\"Person\",\"@id\":\"https:\\\/\\\/choyleefut.ar\\\/web\\\/#\\\/schema\\\/person\\\/77e4f1258179f6b750283bf0cea5288f\",\"name\":\"Sifu Ra\u00fal Suarez\",\"url\":\"https:\\\/\\\/choyleefut.ar\\\/web\\\/author\\\/alcidessu\\\/\"}]}<\/script>\n<!-- \/ Yoast SEO plugin. -->","yoast_head_json":{"title":"III Congreso Internacional de Artes Marciales Online 2026 - Choy Lee Fut Argentina","robots":{"index":"index","follow":"follow","max-snippet":"max-snippet:-1","max-image-preview":"max-image-preview:large","max-video-preview":"max-video-preview:-1"},"canonical":"https:\/\/choyleefut.ar\/web\/kung-fu\/iii-congreso-internacional-de-artes-marciales-online-2026\/","og_locale":"es_ES","og_type":"article","og_title":"III Congreso Internacional de Artes Marciales Online 2026 - Choy Lee Fut Argentina","og_description":"Una cita imperdible con los grandes maestros del Ving Tsun y el Choy Lee Fut El pr\u00f3ximo 25 de enero de 2026, de 20:00 a 22:00 horas (Espa\u00f1a), se celebrar\u00e1 una nueva edici\u00f3n del Congreso Internacional de Artes Marciales Online, un evento que ya se ha convertido en una referencia para practicantes, instructores y entusiastas [&hellip;]","og_url":"https:\/\/choyleefut.ar\/web\/kung-fu\/iii-congreso-internacional-de-artes-marciales-online-2026\/","og_site_name":"Choy Lee Fut Argentina","article_published_time":"2025-11-03T16:34:15+00:00","article_modified_time":"2025-11-03T19:31:01+00:00","og_image":[{"width":2560,"height":1146,"url":"https:\/\/choyleefut.ar\/web\/wp-content\/uploads\/2025\/11\/Congreso-Artes-Marciales-2026.jpg","type":"image\/jpeg"}],"author":"Sifu Ra\u00fal Suarez","twitter_card":"summary_large_image","twitter_misc":{"Escrito por":"Sifu Ra\u00fal Suarez","Tiempo de lectura":"4 minutos"},"schema":{"@context":"https:\/\/schema.org","@graph":[{"@type":"Article","@id":"https:\/\/choyleefut.ar\/web\/kung-fu\/iii-congreso-internacional-de-artes-marciales-online-2026\/#article","isPartOf":{"@id":"https:\/\/choyleefut.ar\/web\/kung-fu\/iii-congreso-internacional-de-artes-marciales-online-2026\/"},"author":{"name":"Sifu Ra\u00fal Suarez","@id":"https:\/\/choyleefut.ar\/web\/#\/schema\/person\/77e4f1258179f6b750283bf0cea5288f"},"headline":"III Congreso Internacional de Artes Marciales Online 2026","datePublished":"2025-11-03T16:34:15+00:00","dateModified":"2025-11-03T19:31:01+00:00","mainEntityOfPage":{"@id":"https:\/\/choyleefut.ar\/web\/kung-fu\/iii-congreso-internacional-de-artes-marciales-online-2026\/"},"wordCount":746,"commentCount":1,"image":{"@id":"https:\/\/choyleefut.ar\/web\/kung-fu\/iii-congreso-internacional-de-artes-marciales-online-2026\/#primaryimage"},"thumbnailUrl":"https:\/\/choyleefut.ar\/web\/wp-content\/uploads\/2025\/11\/Congreso-Artes-Marciales-2026.jpg","keywords":["novedades"],"articleSection":["Actividades","Kung fu"],"inLanguage":"es","potentialAction":[{"@type":"CommentAction","name":"Comment","target":["https:\/\/choyleefut.ar\/web\/kung-fu\/iii-congreso-internacional-de-artes-marciales-online-2026\/#respond"]}]},{"@type":"WebPage","@id":"https:\/\/choyleefut.ar\/web\/kung-fu\/iii-congreso-internacional-de-artes-marciales-online-2026\/","url":"https:\/\/choyleefut.ar\/web\/kung-fu\/iii-congreso-internacional-de-artes-marciales-online-2026\/","name":"III Congreso Internacional de Artes Marciales Online 2026 - Choy Lee Fut Argentina","isPartOf":{"@id":"https:\/\/choyleefut.ar\/web\/#website"},"primaryImageOfPage":{"@id":"https:\/\/choyleefut.ar\/web\/kung-fu\/iii-congreso-internacional-de-artes-marciales-online-2026\/#primaryimage"},"image":{"@id":"https:\/\/choyleefut.ar\/web\/kung-fu\/iii-congreso-internacional-de-artes-marciales-online-2026\/#primaryimage"},"thumbnailUrl":"https:\/\/choyleefut.ar\/web\/wp-content\/uploads\/2025\/11\/Congreso-Artes-Marciales-2026.jpg","datePublished":"2025-11-03T16:34:15+00:00","dateModified":"2025-11-03T19:31:01+00:00","author":{"@id":"https:\/\/choyleefut.ar\/web\/#\/schema\/person\/77e4f1258179f6b750283bf0cea5288f"},"breadcrumb":{"@id":"https:\/\/choyleefut.ar\/web\/kung-fu\/iii-congreso-internacional-de-artes-marciales-online-2026\/#breadcrumb"},"inLanguage":"es","potentialAction":[{"@type":"ReadAction","target":["https:\/\/choyleefut.ar\/web\/kung-fu\/iii-congreso-internacional-de-artes-marciales-online-2026\/"]}]},{"@type":"ImageObject","inLanguage":"es","@id":"https:\/\/choyleefut.ar\/web\/kung-fu\/iii-congreso-internacional-de-artes-marciales-online-2026\/#primaryimage","url":"https:\/\/choyleefut.ar\/web\/wp-content\/uploads\/2025\/11\/Congreso-Artes-Marciales-2026.jpg","contentUrl":"https:\/\/choyleefut.ar\/web\/wp-content\/uploads\/2025\/11\/Congreso-Artes-Marciales-2026.jpg","width":2560,"height":1146,"caption":"Congreso Internacional de Artes Marciales Online 2026"},{"@type":"BreadcrumbList","@id":"https:\/\/choyleefut.ar\/web\/kung-fu\/iii-congreso-internacional-de-artes-marciales-online-2026\/#breadcrumb","itemListElement":[{"@type":"ListItem","position":1,"name":"Home","item":"https:\/\/choyleefut.ar\/web\/"},{"@type":"ListItem","position":2,"name":"III Congreso Internacional de Artes Marciales Online 2026"}]},{"@type":"WebSite","@id":"https:\/\/choyleefut.ar\/web\/#website","url":"https:\/\/choyleefut.ar\/web\/","name":"Choy Lee Fut Argentina","description":"Escuela tradicional de Kung fu","potentialAction":[{"@type":"SearchAction","target":{"@type":"EntryPoint","urlTemplate":"https:\/\/choyleefut.ar\/web\/?s={search_term_string}"},"query-input":{"@type":"PropertyValueSpecification","valueRequired":true,"valueName":"search_term_string"}}],"inLanguage":"es"},{"@type":"Person","@id":"https:\/\/choyleefut.ar\/web\/#\/schema\/person\/77e4f1258179f6b750283bf0cea5288f","name":"Sifu Ra\u00fal Suarez","url":"https:\/\/choyleefut.ar\/web\/author\/alcidessu\/"}]}},"_links":{"self":[{"href":"https:\/\/choyleefut.ar\/web\/wp-json\/wp\/v2\/posts\/2183","targetHints":{"allow":["GET"]}}],"collection":[{"href":"https:\/\/choyleefut.ar\/web\/wp-json\/wp\/v2\/posts"}],"about":[{"href":"https:\/\/choyleefut.ar\/web\/wp-json\/wp\/v2\/types\/post"}],"author":[{"embeddable":true,"href":"https:\/\/choyleefut.ar\/web\/wp-json\/wp\/v2\/users\/2"}],"replies":[{"embeddable":true,"href":"https:\/\/choyleefut.ar\/web\/wp-json\/wp\/v2\/comments?post=2183"}],"version-history":[{"count":2,"href":"https:\/\/choyleefut.ar\/web\/wp-json\/wp\/v2\/posts\/2183\/revisions"}],"predecessor-version":[{"id":2186,"href":"https:\/\/choyleefut.ar\/web\/wp-json\/wp\/v2\/posts\/2183\/revisions\/2186"}],"wp:featuredmedia":[{"embeddable":true,"href":"https:\/\/choyleefut.ar\/web\/wp-json\/wp\/v2\/media\/2184"}],"wp:attachment":[{"href":"https:\/\/choyleefut.ar\/web\/wp-json\/wp\/v2\/media?parent=2183"}],"wp:term":[{"taxonomy":"category","embeddable":true,"href":"https:\/\/choyleefut.ar\/web\/wp-json\/wp\/v2\/categories?post=2183"},{"taxonomy":"post_tag","embeddable":true,"href":"https:\/\/choyleefut.ar\/web\/wp-json\/wp\/v2\/tags?post=2183"}],"curies":[{"name":"wp","href":"https:\/\/api.w.org\/{rel}","templated":true}]}}