{"id":2153,"date":"2025-07-02T19:56:01","date_gmt":"2025-07-02T19:56:01","guid":{"rendered":"https:\/\/choyleefut.ar\/web\/?p=2153"},"modified":"2025-08-21T19:39:09","modified_gmt":"2025-08-21T19:39:09","slug":"seminario-especial-ma-yin-kuen-la-forma-del-caballo","status":"publish","type":"post","link":"https:\/\/choyleefut.ar\/web\/kung-fu\/seminario-especial-ma-yin-kuen-la-forma-del-caballo\/","title":{"rendered":"Seminario Especial: Ma Yin Kuen \u2013 La Forma del Caballo"},"content":{"rendered":"\n<p>El pr\u00f3ximo <strong>9 de julio a las 13 hs<\/strong>, el Instituto Choy Lee Fut Argentina abre sus puertas para un seminario \u00fanico: <strong>Ma Yin Kuen (\u99ac\u5f62\u62f3)<\/strong>, la <em>Forma del Caballo<\/em>.<br>Una oportunidad imperdible para profundizar en una de las formas m\u00e1s simb\u00f3licas del kung fu tradicional, tanto por su riqueza t\u00e9cnica como por su potencia expresiva.<\/p>\n\n\n\n<p>La figura del caballo ha sido durante siglos un s\u00edmbolo de <strong>fuerza, velocidad y determinaci\u00f3n<\/strong>. En esta forma, esos atributos se canalizan a trav\u00e9s de movimientos explosivos, desplazamientos potentes y posturas s\u00f3lidas que representan el esp\u00edritu del animal.<br>El Ma Yin Kuen entrena no solo el cuerpo, sino tambi\u00e9n la mente y la intenci\u00f3n marcial del practicante.<\/p>\n\n\n\n<p>\ud83d\udfe1 <strong>\u00bfQui\u00e9n puede participar?<\/strong><br>Este seminario est\u00e1 abierto a todos los alumnos del Instituto con experiencia previa, sin importar el nivel. Se recomienda especialmente para quienes quieran mejorar su base, sus desplazamientos y la generaci\u00f3n de potencia en sus t\u00e9cnicas.<\/p>\n\n\n\n<p>\ud83d\udfe1 <strong>\u00bfQu\u00e9 vas a trabajar?<\/strong><\/p>\n\n\n\n<ul class=\"wp-block-list\">\n<li>Fundamentos de la postura del caballo<\/li>\n\n\n\n<li>Transiciones din\u00e1micas<\/li>\n\n\n\n<li>Golpes con intenci\u00f3n<\/li>\n\n\n\n<li>Aplicaciones marciales<\/li>\n\n\n\n<li>Respiraci\u00f3n y foco<\/li>\n<\/ul>\n\n\n\n<p>\ud83d\udfe1 <strong>\u00bfD\u00f3nde?<\/strong><br>En el kwoon del Instituto, Ciudad de la Paz 1164 (CABA)<\/p>\n\n\n\n<p>\ud83d\udfe1 <strong>\u00bfCu\u00e1ndo?<\/strong><br><strong>Martes 9 de julio \u2013 13:00 hs<\/strong><\/p>\n\n\n\n<p>\ud83d\udfe1 <strong>Duraci\u00f3n:<\/strong><br>Aproximadamente 2 horas.<\/p>\n\n\n\n<p>\ud83d\udfe1 <strong>Importante:<\/strong><br>Llev\u00e1 tu uniforme completo y muchas ganas de entrenar.<\/p>\n\n\n\n<p>\ud83d\udce9 Para m\u00e1s info e inscripci\u00f3n, contactanos por Instagram @institutochoyleefut o WhatsApp al +54 9 11 6110-3451<\/p>\n","protected":false},"excerpt":{"rendered":"<p>El pr\u00f3ximo 9 de julio a las 13 hs, el Instituto Choy Lee Fut Argentina abre sus puertas para un seminario \u00fanico: Ma Yin Kuen (\u99ac\u5f62\u62f3), la Forma del Caballo.Una oportunidad imperdible para profundizar en una de las formas m\u00e1s simb\u00f3licas del kung fu tradicional, tanto por su riqueza t\u00e9cnica como por su potencia expresiva. [&hellip;]<\/p>\n","protected":false},"author":2,"featured_media":2154,"comment_status":"closed","ping_status":"open","sticky":false,"template":"","format":"standard","meta":{"footnotes":""},"categories":[14,12,10],"tags":[],"class_list":["post-2153","post","type-post","status-publish","format-standard","has-post-thumbnail","hentry","category-actividades","category-cultural","category-kung-fu"],"yoast_head":"<!-- This site is optimized with the Yoast SEO plugin v27.3 - https:\/\/yoast.com\/product\/yoast-seo-wordpress\/ -->\n<title>Seminario Especial: Ma Yin Kuen \u2013 La Forma del Caballo - Choy Lee Fut Argentina<\/title>\n<meta name=\"robots\" content=\"index, follow, max-snippet:-1, max-image-preview:large, max-video-preview:-1\" \/>\n<link rel=\"canonical\" href=\"https:\/\/choyleefut.ar\/web\/kung-fu\/seminario-especial-ma-yin-kuen-la-forma-del-caballo\/\" \/>\n<meta property=\"og:locale\" content=\"es_ES\" \/>\n<meta property=\"og:type\" content=\"article\" \/>\n<meta property=\"og:title\" content=\"Seminario Especial: Ma Yin Kuen \u2013 La Forma del Caballo - Choy Lee Fut Argentina\" \/>\n<meta property=\"og:description\" content=\"El pr\u00f3ximo 9 de julio a las 13 hs, el Instituto Choy Lee Fut Argentina abre sus puertas para un seminario \u00fanico: Ma Yin Kuen (\u99ac\u5f62\u62f3), la Forma del Caballo.Una oportunidad imperdible para profundizar en una de las formas m\u00e1s simb\u00f3licas del kung fu tradicional, tanto por su riqueza t\u00e9cnica como por su potencia expresiva. [&hellip;]\" \/>\n<meta property=\"og:url\" content=\"https:\/\/choyleefut.ar\/web\/kung-fu\/seminario-especial-ma-yin-kuen-la-forma-del-caballo\/\" \/>\n<meta property=\"og:site_name\" content=\"Choy Lee Fut Argentina\" \/>\n<meta property=\"article:published_time\" content=\"2025-07-02T19:56:01+00:00\" \/>\n<meta property=\"article:modified_time\" content=\"2025-08-21T19:39:09+00:00\" \/>\n<meta property=\"og:image\" content=\"https:\/\/choyleefut.ar\/web\/wp-content\/uploads\/2025\/07\/CLF-Seminario-Ma-Yin-Kuen.jpg\" \/>\n\t<meta property=\"og:image:width\" content=\"1322\" \/>\n\t<meta property=\"og:image:height\" content=\"745\" \/>\n\t<meta property=\"og:image:type\" content=\"image\/jpeg\" \/>\n<meta name=\"author\" content=\"Sifu Ra\u00fal Suarez\" \/>\n<meta name=\"twitter:card\" content=\"summary_large_image\" \/>\n<meta name=\"twitter:label1\" content=\"Escrito por\" \/>\n\t<meta name=\"twitter:data1\" content=\"Sifu Ra\u00fal Suarez\" \/>\n\t<meta name=\"twitter:label2\" content=\"Tiempo de lectura\" \/>\n\t<meta name=\"twitter:data2\" content=\"2 minutos\" \/>\n<script type=\"application\/ld+json\" class=\"yoast-schema-graph\">{\"@context\":\"https:\\\/\\\/schema.org\",\"@graph\":[{\"@type\":\"Article\",\"@id\":\"https:\\\/\\\/choyleefut.ar\\\/web\\\/kung-fu\\\/seminario-especial-ma-yin-kuen-la-forma-del-caballo\\\/#article\",\"isPartOf\":{\"@id\":\"https:\\\/\\\/choyleefut.ar\\\/web\\\/kung-fu\\\/seminario-especial-ma-yin-kuen-la-forma-del-caballo\\\/\"},\"author\":{\"name\":\"Sifu Ra\u00fal Suarez\",\"@id\":\"https:\\\/\\\/choyleefut.ar\\\/web\\\/#\\\/schema\\\/person\\\/77e4f1258179f6b750283bf0cea5288f\"},\"headline\":\"Seminario Especial: Ma Yin Kuen \u2013 La Forma del Caballo\",\"datePublished\":\"2025-07-02T19:56:01+00:00\",\"dateModified\":\"2025-08-21T19:39:09+00:00\",\"mainEntityOfPage\":{\"@id\":\"https:\\\/\\\/choyleefut.ar\\\/web\\\/kung-fu\\\/seminario-especial-ma-yin-kuen-la-forma-del-caballo\\\/\"},\"wordCount\":242,\"image\":{\"@id\":\"https:\\\/\\\/choyleefut.ar\\\/web\\\/kung-fu\\\/seminario-especial-ma-yin-kuen-la-forma-del-caballo\\\/#primaryimage\"},\"thumbnailUrl\":\"https:\\\/\\\/choyleefut.ar\\\/web\\\/wp-content\\\/uploads\\\/2025\\\/07\\\/CLF-Seminario-Ma-Yin-Kuen.jpg\",\"articleSection\":[\"Actividades\",\"Cultural\",\"Kung fu\"],\"inLanguage\":\"es\"},{\"@type\":\"WebPage\",\"@id\":\"https:\\\/\\\/choyleefut.ar\\\/web\\\/kung-fu\\\/seminario-especial-ma-yin-kuen-la-forma-del-caballo\\\/\",\"url\":\"https:\\\/\\\/choyleefut.ar\\\/web\\\/kung-fu\\\/seminario-especial-ma-yin-kuen-la-forma-del-caballo\\\/\",\"name\":\"Seminario Especial: Ma Yin Kuen \u2013 La Forma del Caballo - Choy Lee Fut Argentina\",\"isPartOf\":{\"@id\":\"https:\\\/\\\/choyleefut.ar\\\/web\\\/#website\"},\"primaryImageOfPage\":{\"@id\":\"https:\\\/\\\/choyleefut.ar\\\/web\\\/kung-fu\\\/seminario-especial-ma-yin-kuen-la-forma-del-caballo\\\/#primaryimage\"},\"image\":{\"@id\":\"https:\\\/\\\/choyleefut.ar\\\/web\\\/kung-fu\\\/seminario-especial-ma-yin-kuen-la-forma-del-caballo\\\/#primaryimage\"},\"thumbnailUrl\":\"https:\\\/\\\/choyleefut.ar\\\/web\\\/wp-content\\\/uploads\\\/2025\\\/07\\\/CLF-Seminario-Ma-Yin-Kuen.jpg\",\"datePublished\":\"2025-07-02T19:56:01+00:00\",\"dateModified\":\"2025-08-21T19:39:09+00:00\",\"author\":{\"@id\":\"https:\\\/\\\/choyleefut.ar\\\/web\\\/#\\\/schema\\\/person\\\/77e4f1258179f6b750283bf0cea5288f\"},\"breadcrumb\":{\"@id\":\"https:\\\/\\\/choyleefut.ar\\\/web\\\/kung-fu\\\/seminario-especial-ma-yin-kuen-la-forma-del-caballo\\\/#breadcrumb\"},\"inLanguage\":\"es\",\"potentialAction\":[{\"@type\":\"ReadAction\",\"target\":[\"https:\\\/\\\/choyleefut.ar\\\/web\\\/kung-fu\\\/seminario-especial-ma-yin-kuen-la-forma-del-caballo\\\/\"]}]},{\"@type\":\"ImageObject\",\"inLanguage\":\"es\",\"@id\":\"https:\\\/\\\/choyleefut.ar\\\/web\\\/kung-fu\\\/seminario-especial-ma-yin-kuen-la-forma-del-caballo\\\/#primaryimage\",\"url\":\"https:\\\/\\\/choyleefut.ar\\\/web\\\/wp-content\\\/uploads\\\/2025\\\/07\\\/CLF-Seminario-Ma-Yin-Kuen.jpg\",\"contentUrl\":\"https:\\\/\\\/choyleefut.ar\\\/web\\\/wp-content\\\/uploads\\\/2025\\\/07\\\/CLF-Seminario-Ma-Yin-Kuen.jpg\",\"width\":1322,\"height\":745,\"caption\":\"CLF-Seminario-Ma-Yin-Kuen\"},{\"@type\":\"BreadcrumbList\",\"@id\":\"https:\\\/\\\/choyleefut.ar\\\/web\\\/kung-fu\\\/seminario-especial-ma-yin-kuen-la-forma-del-caballo\\\/#breadcrumb\",\"itemListElement\":[{\"@type\":\"ListItem\",\"position\":1,\"name\":\"Home\",\"item\":\"https:\\\/\\\/choyleefut.ar\\\/web\\\/\"},{\"@type\":\"ListItem\",\"position\":2,\"name\":\"Seminario Especial: Ma Yin Kuen \u2013 La Forma del Caballo\"}]},{\"@type\":\"WebSite\",\"@id\":\"https:\\\/\\\/choyleefut.ar\\\/web\\\/#website\",\"url\":\"https:\\\/\\\/choyleefut.ar\\\/web\\\/\",\"name\":\"Choy Lee Fut Argentina\",\"description\":\"Escuela tradicional de Kung fu\",\"potentialAction\":[{\"@type\":\"SearchAction\",\"target\":{\"@type\":\"EntryPoint\",\"urlTemplate\":\"https:\\\/\\\/choyleefut.ar\\\/web\\\/?s={search_term_string}\"},\"query-input\":{\"@type\":\"PropertyValueSpecification\",\"valueRequired\":true,\"valueName\":\"search_term_string\"}}],\"inLanguage\":\"es\"},{\"@type\":\"Person\",\"@id\":\"https:\\\/\\\/choyleefut.ar\\\/web\\\/#\\\/schema\\\/person\\\/77e4f1258179f6b750283bf0cea5288f\",\"name\":\"Sifu Ra\u00fal Suarez\",\"url\":\"https:\\\/\\\/choyleefut.ar\\\/web\\\/author\\\/alcidessu\\\/\"}]}<\/script>\n<!-- \/ Yoast SEO plugin. -->","yoast_head_json":{"title":"Seminario Especial: Ma Yin Kuen \u2013 La Forma del Caballo - Choy Lee Fut Argentina","robots":{"index":"index","follow":"follow","max-snippet":"max-snippet:-1","max-image-preview":"max-image-preview:large","max-video-preview":"max-video-preview:-1"},"canonical":"https:\/\/choyleefut.ar\/web\/kung-fu\/seminario-especial-ma-yin-kuen-la-forma-del-caballo\/","og_locale":"es_ES","og_type":"article","og_title":"Seminario Especial: Ma Yin Kuen \u2013 La Forma del Caballo - Choy Lee Fut Argentina","og_description":"El pr\u00f3ximo 9 de julio a las 13 hs, el Instituto Choy Lee Fut Argentina abre sus puertas para un seminario \u00fanico: Ma Yin Kuen (\u99ac\u5f62\u62f3), la Forma del Caballo.Una oportunidad imperdible para profundizar en una de las formas m\u00e1s simb\u00f3licas del kung fu tradicional, tanto por su riqueza t\u00e9cnica como por su potencia expresiva. [&hellip;]","og_url":"https:\/\/choyleefut.ar\/web\/kung-fu\/seminario-especial-ma-yin-kuen-la-forma-del-caballo\/","og_site_name":"Choy Lee Fut Argentina","article_published_time":"2025-07-02T19:56:01+00:00","article_modified_time":"2025-08-21T19:39:09+00:00","og_image":[{"width":1322,"height":745,"url":"https:\/\/choyleefut.ar\/web\/wp-content\/uploads\/2025\/07\/CLF-Seminario-Ma-Yin-Kuen.jpg","type":"image\/jpeg"}],"author":"Sifu Ra\u00fal Suarez","twitter_card":"summary_large_image","twitter_misc":{"Escrito por":"Sifu Ra\u00fal Suarez","Tiempo de lectura":"2 minutos"},"schema":{"@context":"https:\/\/schema.org","@graph":[{"@type":"Article","@id":"https:\/\/choyleefut.ar\/web\/kung-fu\/seminario-especial-ma-yin-kuen-la-forma-del-caballo\/#article","isPartOf":{"@id":"https:\/\/choyleefut.ar\/web\/kung-fu\/seminario-especial-ma-yin-kuen-la-forma-del-caballo\/"},"author":{"name":"Sifu Ra\u00fal Suarez","@id":"https:\/\/choyleefut.ar\/web\/#\/schema\/person\/77e4f1258179f6b750283bf0cea5288f"},"headline":"Seminario Especial: Ma Yin Kuen \u2013 La Forma del Caballo","datePublished":"2025-07-02T19:56:01+00:00","dateModified":"2025-08-21T19:39:09+00:00","mainEntityOfPage":{"@id":"https:\/\/choyleefut.ar\/web\/kung-fu\/seminario-especial-ma-yin-kuen-la-forma-del-caballo\/"},"wordCount":242,"image":{"@id":"https:\/\/choyleefut.ar\/web\/kung-fu\/seminario-especial-ma-yin-kuen-la-forma-del-caballo\/#primaryimage"},"thumbnailUrl":"https:\/\/choyleefut.ar\/web\/wp-content\/uploads\/2025\/07\/CLF-Seminario-Ma-Yin-Kuen.jpg","articleSection":["Actividades","Cultural","Kung fu"],"inLanguage":"es"},{"@type":"WebPage","@id":"https:\/\/choyleefut.ar\/web\/kung-fu\/seminario-especial-ma-yin-kuen-la-forma-del-caballo\/","url":"https:\/\/choyleefut.ar\/web\/kung-fu\/seminario-especial-ma-yin-kuen-la-forma-del-caballo\/","name":"Seminario Especial: Ma Yin Kuen \u2013 La Forma del Caballo - Choy Lee Fut Argentina","isPartOf":{"@id":"https:\/\/choyleefut.ar\/web\/#website"},"primaryImageOfPage":{"@id":"https:\/\/choyleefut.ar\/web\/kung-fu\/seminario-especial-ma-yin-kuen-la-forma-del-caballo\/#primaryimage"},"image":{"@id":"https:\/\/choyleefut.ar\/web\/kung-fu\/seminario-especial-ma-yin-kuen-la-forma-del-caballo\/#primaryimage"},"thumbnailUrl":"https:\/\/choyleefut.ar\/web\/wp-content\/uploads\/2025\/07\/CLF-Seminario-Ma-Yin-Kuen.jpg","datePublished":"2025-07-02T19:56:01+00:00","dateModified":"2025-08-21T19:39:09+00:00","author":{"@id":"https:\/\/choyleefut.ar\/web\/#\/schema\/person\/77e4f1258179f6b750283bf0cea5288f"},"breadcrumb":{"@id":"https:\/\/choyleefut.ar\/web\/kung-fu\/seminario-especial-ma-yin-kuen-la-forma-del-caballo\/#breadcrumb"},"inLanguage":"es","potentialAction":[{"@type":"ReadAction","target":["https:\/\/choyleefut.ar\/web\/kung-fu\/seminario-especial-ma-yin-kuen-la-forma-del-caballo\/"]}]},{"@type":"ImageObject","inLanguage":"es","@id":"https:\/\/choyleefut.ar\/web\/kung-fu\/seminario-especial-ma-yin-kuen-la-forma-del-caballo\/#primaryimage","url":"https:\/\/choyleefut.ar\/web\/wp-content\/uploads\/2025\/07\/CLF-Seminario-Ma-Yin-Kuen.jpg","contentUrl":"https:\/\/choyleefut.ar\/web\/wp-content\/uploads\/2025\/07\/CLF-Seminario-Ma-Yin-Kuen.jpg","width":1322,"height":745,"caption":"CLF-Seminario-Ma-Yin-Kuen"},{"@type":"BreadcrumbList","@id":"https:\/\/choyleefut.ar\/web\/kung-fu\/seminario-especial-ma-yin-kuen-la-forma-del-caballo\/#breadcrumb","itemListElement":[{"@type":"ListItem","position":1,"name":"Home","item":"https:\/\/choyleefut.ar\/web\/"},{"@type":"ListItem","position":2,"name":"Seminario Especial: Ma Yin Kuen \u2013 La Forma del Caballo"}]},{"@type":"WebSite","@id":"https:\/\/choyleefut.ar\/web\/#website","url":"https:\/\/choyleefut.ar\/web\/","name":"Choy Lee Fut Argentina","description":"Escuela tradicional de Kung fu","potentialAction":[{"@type":"SearchAction","target":{"@type":"EntryPoint","urlTemplate":"https:\/\/choyleefut.ar\/web\/?s={search_term_string}"},"query-input":{"@type":"PropertyValueSpecification","valueRequired":true,"valueName":"search_term_string"}}],"inLanguage":"es"},{"@type":"Person","@id":"https:\/\/choyleefut.ar\/web\/#\/schema\/person\/77e4f1258179f6b750283bf0cea5288f","name":"Sifu Ra\u00fal Suarez","url":"https:\/\/choyleefut.ar\/web\/author\/alcidessu\/"}]}},"_links":{"self":[{"href":"https:\/\/choyleefut.ar\/web\/wp-json\/wp\/v2\/posts\/2153","targetHints":{"allow":["GET"]}}],"collection":[{"href":"https:\/\/choyleefut.ar\/web\/wp-json\/wp\/v2\/posts"}],"about":[{"href":"https:\/\/choyleefut.ar\/web\/wp-json\/wp\/v2\/types\/post"}],"author":[{"embeddable":true,"href":"https:\/\/choyleefut.ar\/web\/wp-json\/wp\/v2\/users\/2"}],"replies":[{"embeddable":true,"href":"https:\/\/choyleefut.ar\/web\/wp-json\/wp\/v2\/comments?post=2153"}],"version-history":[{"count":1,"href":"https:\/\/choyleefut.ar\/web\/wp-json\/wp\/v2\/posts\/2153\/revisions"}],"predecessor-version":[{"id":2155,"href":"https:\/\/choyleefut.ar\/web\/wp-json\/wp\/v2\/posts\/2153\/revisions\/2155"}],"wp:featuredmedia":[{"embeddable":true,"href":"https:\/\/choyleefut.ar\/web\/wp-json\/wp\/v2\/media\/2154"}],"wp:attachment":[{"href":"https:\/\/choyleefut.ar\/web\/wp-json\/wp\/v2\/media?parent=2153"}],"wp:term":[{"taxonomy":"category","embeddable":true,"href":"https:\/\/choyleefut.ar\/web\/wp-json\/wp\/v2\/categories?post=2153"},{"taxonomy":"post_tag","embeddable":true,"href":"https:\/\/choyleefut.ar\/web\/wp-json\/wp\/v2\/tags?post=2153"}],"curies":[{"name":"wp","href":"https:\/\/api.w.org\/{rel}","templated":true}]}}