{"id":2147,"date":"2025-04-13T15:09:46","date_gmt":"2025-04-13T15:09:46","guid":{"rendered":"https:\/\/choyleefut.ar\/web\/?p=2147"},"modified":"2025-04-13T22:00:45","modified_gmt":"2025-04-13T22:00:45","slug":"entrevista-a-sifu-raul-en-la-radio-de-la-biblioteca-del-congreso-de-la-nacion","status":"publish","type":"post","link":"https:\/\/choyleefut.ar\/web\/cultural\/entrevista-a-sifu-raul-en-la-radio-de-la-biblioteca-del-congreso-de-la-nacion\/","title":{"rendered":"Entrevista a Sifu Ra\u00fal en la Radio de la Biblioteca del Congreso de la Naci\u00f3n."},"content":{"rendered":"\n<p>Compartimos un resumen de la entrevista a Sifu Ra\u00fal para quienes no pudieron escuchar en vivo el programa.<\/p>\n\n\n\n<p>En una reciente emisi\u00f3n de \u00abAsia en Buenos Aires\u00bb en BCN Radio particip\u00f3 Sifu Ra\u00fal y comparti\u00f3 valiosas perspectivas sobre la danza del le\u00f3n y el drag\u00f3n chinas.<\/p>\n\n\n\n<p>Sifu Ra\u00fal nos cuenta, <strong>alrededor del minuto 9:09<\/strong>, sobre su especializaci\u00f3n en la danza del le\u00f3n y el drag\u00f3n, enfatizando la naturaleza ritual de estas expresiones art\u00edsticas y la importancia de una ejecuci\u00f3n apropiada para honrar las tradiciones chinas.<\/p>\n\n\n\n<p>M\u00e1s adelante, <strong>cerca del minuto 12:38<\/strong>, Sifu relata su trayectoria en las artes marciales y c\u00f3mo se involucr\u00f3 posteriormente con la danza del le\u00f3n, destacando los desaf\u00edos que enfrent\u00f3 para acceder a ense\u00f1anzas aut\u00e9nticas en Argentina.<\/p>\n\n\n\n<figure class=\"wp-block-image size-large\"><img fetchpriority=\"high\" decoding=\"async\" width=\"1024\" height=\"578\" src=\"https:\/\/choyleefut.ar\/web\/wp-content\/uploads\/2025\/04\/EntrevistaBCN02-1024x578.jpg\" alt=\"\" class=\"wp-image-2150\" srcset=\"https:\/\/choyleefut.ar\/web\/wp-content\/uploads\/2025\/04\/EntrevistaBCN02-1024x578.jpg 1024w, https:\/\/choyleefut.ar\/web\/wp-content\/uploads\/2025\/04\/EntrevistaBCN02-300x169.jpg 300w, https:\/\/choyleefut.ar\/web\/wp-content\/uploads\/2025\/04\/EntrevistaBCN02-768x433.jpg 768w, https:\/\/choyleefut.ar\/web\/wp-content\/uploads\/2025\/04\/EntrevistaBCN02.jpg 1322w\" sizes=\"(max-width: 1024px) 100vw, 1024px\" \/><\/figure>\n\n\n\n<p>En relaci\u00f3n a la transmisi\u00f3n de conocimientos, <strong>aproximadamente en el minuto 35:26<\/strong>, explica el significado del t\u00e9rmino \u00abSifu\u00bb, describi\u00e9ndolo como una relaci\u00f3n estrecha con el estudiante que implica compromiso y una conducta \u00e9tica.<\/p>\n\n\n\n<p>Sifu tambi\u00e9n comparte sus reflexiones sobre la tradici\u00f3n versus la innovaci\u00f3n en la danza del le\u00f3n y el drag\u00f3n, explicando <strong>alrededor del minuto 46:26<\/strong> c\u00f3mo estas danzas se adaptan a espect\u00e1culos modernos sin perder el respeto por la tradici\u00f3n.<\/p>\n\n\n\n<p>Finalmente, <strong>cerca del minuto 55:54<\/strong>, Sifu Ra\u00fal menciona sus proyectos futuros, incluyendo un viaje a Mendoza para una ceremonia de danza del le\u00f3n y la posibilidad de viajar a China.<\/p>\n\n\n\n<p>Aqui les dejo el link para que puedan escuchar la entrevista completa: [<a href=\"https:\/\/www.youtube.com\/live\/yU72LDfSC5w\" target=\"_blank\" rel=\"noreferrer noopener\">https:\/\/www.youtube.com\/live\/yU72LDfSC5w<\/a>]<\/p>\n","protected":false},"excerpt":{"rendered":"<p>Compartimos un resumen de la entrevista a Sifu Ra\u00fal para quienes no pudieron escuchar en vivo el programa. En una reciente emisi\u00f3n de \u00abAsia en Buenos Aires\u00bb en BCN Radio particip\u00f3 Sifu Ra\u00fal y comparti\u00f3 valiosas perspectivas sobre la danza del le\u00f3n y el drag\u00f3n chinas. Sifu Ra\u00fal nos cuenta, alrededor del minuto 9:09, sobre [&hellip;]<\/p>\n","protected":false},"author":1,"featured_media":2148,"comment_status":"open","ping_status":"open","sticky":false,"template":"","format":"standard","meta":{"footnotes":""},"categories":[14,12],"tags":[15],"class_list":["post-2147","post","type-post","status-publish","format-standard","has-post-thumbnail","hentry","category-actividades","category-cultural","tag-novedades"],"yoast_head":"<!-- This site is optimized with the Yoast SEO plugin v27.3 - https:\/\/yoast.com\/product\/yoast-seo-wordpress\/ -->\n<title>Entrevista a Sifu Ra\u00fal en la Radio de la Biblioteca del Congreso de la Naci\u00f3n. - Choy Lee Fut Argentina<\/title>\n<meta name=\"robots\" content=\"index, follow, max-snippet:-1, max-image-preview:large, max-video-preview:-1\" \/>\n<link rel=\"canonical\" href=\"https:\/\/choyleefut.ar\/web\/cultural\/entrevista-a-sifu-raul-en-la-radio-de-la-biblioteca-del-congreso-de-la-nacion\/\" \/>\n<meta property=\"og:locale\" content=\"es_ES\" \/>\n<meta property=\"og:type\" content=\"article\" \/>\n<meta property=\"og:title\" content=\"Entrevista a Sifu Ra\u00fal en la Radio de la Biblioteca del Congreso de la Naci\u00f3n. - Choy Lee Fut Argentina\" \/>\n<meta property=\"og:description\" content=\"Compartimos un resumen de la entrevista a Sifu Ra\u00fal para quienes no pudieron escuchar en vivo el programa. En una reciente emisi\u00f3n de \u00abAsia en Buenos Aires\u00bb en BCN Radio particip\u00f3 Sifu Ra\u00fal y comparti\u00f3 valiosas perspectivas sobre la danza del le\u00f3n y el drag\u00f3n chinas. Sifu Ra\u00fal nos cuenta, alrededor del minuto 9:09, sobre [&hellip;]\" \/>\n<meta property=\"og:url\" content=\"https:\/\/choyleefut.ar\/web\/cultural\/entrevista-a-sifu-raul-en-la-radio-de-la-biblioteca-del-congreso-de-la-nacion\/\" \/>\n<meta property=\"og:site_name\" content=\"Choy Lee Fut Argentina\" \/>\n<meta property=\"article:published_time\" content=\"2025-04-13T15:09:46+00:00\" \/>\n<meta property=\"article:modified_time\" content=\"2025-04-13T22:00:45+00:00\" \/>\n<meta property=\"og:image\" content=\"https:\/\/choyleefut.ar\/web\/wp-content\/uploads\/2025\/04\/EntrevistaBCN01.jpg\" \/>\n\t<meta property=\"og:image:width\" content=\"1322\" \/>\n\t<meta property=\"og:image:height\" content=\"745\" \/>\n\t<meta property=\"og:image:type\" content=\"image\/jpeg\" \/>\n<meta name=\"author\" content=\"Charly\" \/>\n<meta name=\"twitter:card\" content=\"summary_large_image\" \/>\n<meta name=\"twitter:label1\" content=\"Escrito por\" \/>\n\t<meta name=\"twitter:data1\" content=\"Charly\" \/>\n\t<meta name=\"twitter:label2\" content=\"Tiempo de lectura\" \/>\n\t<meta name=\"twitter:data2\" content=\"2 minutos\" \/>\n<script type=\"application\/ld+json\" class=\"yoast-schema-graph\">{\"@context\":\"https:\\\/\\\/schema.org\",\"@graph\":[{\"@type\":\"Article\",\"@id\":\"https:\\\/\\\/choyleefut.ar\\\/web\\\/cultural\\\/entrevista-a-sifu-raul-en-la-radio-de-la-biblioteca-del-congreso-de-la-nacion\\\/#article\",\"isPartOf\":{\"@id\":\"https:\\\/\\\/choyleefut.ar\\\/web\\\/cultural\\\/entrevista-a-sifu-raul-en-la-radio-de-la-biblioteca-del-congreso-de-la-nacion\\\/\"},\"author\":{\"name\":\"Charly\",\"@id\":\"https:\\\/\\\/choyleefut.ar\\\/web\\\/#\\\/schema\\\/person\\\/e951a8b4ec21d7261aaed7f77ff9b566\"},\"headline\":\"Entrevista a Sifu Ra\u00fal en la Radio de la Biblioteca del Congreso de la Naci\u00f3n.\",\"datePublished\":\"2025-04-13T15:09:46+00:00\",\"dateModified\":\"2025-04-13T22:00:45+00:00\",\"mainEntityOfPage\":{\"@id\":\"https:\\\/\\\/choyleefut.ar\\\/web\\\/cultural\\\/entrevista-a-sifu-raul-en-la-radio-de-la-biblioteca-del-congreso-de-la-nacion\\\/\"},\"wordCount\":287,\"commentCount\":1,\"image\":{\"@id\":\"https:\\\/\\\/choyleefut.ar\\\/web\\\/cultural\\\/entrevista-a-sifu-raul-en-la-radio-de-la-biblioteca-del-congreso-de-la-nacion\\\/#primaryimage\"},\"thumbnailUrl\":\"https:\\\/\\\/choyleefut.ar\\\/web\\\/wp-content\\\/uploads\\\/2025\\\/04\\\/EntrevistaBCN01.jpg\",\"keywords\":[\"novedades\"],\"articleSection\":[\"Actividades\",\"Cultural\"],\"inLanguage\":\"es\",\"potentialAction\":[{\"@type\":\"CommentAction\",\"name\":\"Comment\",\"target\":[\"https:\\\/\\\/choyleefut.ar\\\/web\\\/cultural\\\/entrevista-a-sifu-raul-en-la-radio-de-la-biblioteca-del-congreso-de-la-nacion\\\/#respond\"]}]},{\"@type\":\"WebPage\",\"@id\":\"https:\\\/\\\/choyleefut.ar\\\/web\\\/cultural\\\/entrevista-a-sifu-raul-en-la-radio-de-la-biblioteca-del-congreso-de-la-nacion\\\/\",\"url\":\"https:\\\/\\\/choyleefut.ar\\\/web\\\/cultural\\\/entrevista-a-sifu-raul-en-la-radio-de-la-biblioteca-del-congreso-de-la-nacion\\\/\",\"name\":\"Entrevista a Sifu Ra\u00fal en la Radio de la Biblioteca del Congreso de la Naci\u00f3n. - Choy Lee Fut Argentina\",\"isPartOf\":{\"@id\":\"https:\\\/\\\/choyleefut.ar\\\/web\\\/#website\"},\"primaryImageOfPage\":{\"@id\":\"https:\\\/\\\/choyleefut.ar\\\/web\\\/cultural\\\/entrevista-a-sifu-raul-en-la-radio-de-la-biblioteca-del-congreso-de-la-nacion\\\/#primaryimage\"},\"image\":{\"@id\":\"https:\\\/\\\/choyleefut.ar\\\/web\\\/cultural\\\/entrevista-a-sifu-raul-en-la-radio-de-la-biblioteca-del-congreso-de-la-nacion\\\/#primaryimage\"},\"thumbnailUrl\":\"https:\\\/\\\/choyleefut.ar\\\/web\\\/wp-content\\\/uploads\\\/2025\\\/04\\\/EntrevistaBCN01.jpg\",\"datePublished\":\"2025-04-13T15:09:46+00:00\",\"dateModified\":\"2025-04-13T22:00:45+00:00\",\"author\":{\"@id\":\"https:\\\/\\\/choyleefut.ar\\\/web\\\/#\\\/schema\\\/person\\\/e951a8b4ec21d7261aaed7f77ff9b566\"},\"breadcrumb\":{\"@id\":\"https:\\\/\\\/choyleefut.ar\\\/web\\\/cultural\\\/entrevista-a-sifu-raul-en-la-radio-de-la-biblioteca-del-congreso-de-la-nacion\\\/#breadcrumb\"},\"inLanguage\":\"es\",\"potentialAction\":[{\"@type\":\"ReadAction\",\"target\":[\"https:\\\/\\\/choyleefut.ar\\\/web\\\/cultural\\\/entrevista-a-sifu-raul-en-la-radio-de-la-biblioteca-del-congreso-de-la-nacion\\\/\"]}]},{\"@type\":\"ImageObject\",\"inLanguage\":\"es\",\"@id\":\"https:\\\/\\\/choyleefut.ar\\\/web\\\/cultural\\\/entrevista-a-sifu-raul-en-la-radio-de-la-biblioteca-del-congreso-de-la-nacion\\\/#primaryimage\",\"url\":\"https:\\\/\\\/choyleefut.ar\\\/web\\\/wp-content\\\/uploads\\\/2025\\\/04\\\/EntrevistaBCN01.jpg\",\"contentUrl\":\"https:\\\/\\\/choyleefut.ar\\\/web\\\/wp-content\\\/uploads\\\/2025\\\/04\\\/EntrevistaBCN01.jpg\",\"width\":1322,\"height\":745},{\"@type\":\"BreadcrumbList\",\"@id\":\"https:\\\/\\\/choyleefut.ar\\\/web\\\/cultural\\\/entrevista-a-sifu-raul-en-la-radio-de-la-biblioteca-del-congreso-de-la-nacion\\\/#breadcrumb\",\"itemListElement\":[{\"@type\":\"ListItem\",\"position\":1,\"name\":\"Home\",\"item\":\"https:\\\/\\\/choyleefut.ar\\\/web\\\/\"},{\"@type\":\"ListItem\",\"position\":2,\"name\":\"Entrevista a Sifu Ra\u00fal en la Radio de la Biblioteca del Congreso de la Naci\u00f3n.\"}]},{\"@type\":\"WebSite\",\"@id\":\"https:\\\/\\\/choyleefut.ar\\\/web\\\/#website\",\"url\":\"https:\\\/\\\/choyleefut.ar\\\/web\\\/\",\"name\":\"Choy Lee Fut Argentina\",\"description\":\"Escuela tradicional de Kung fu\",\"potentialAction\":[{\"@type\":\"SearchAction\",\"target\":{\"@type\":\"EntryPoint\",\"urlTemplate\":\"https:\\\/\\\/choyleefut.ar\\\/web\\\/?s={search_term_string}\"},\"query-input\":{\"@type\":\"PropertyValueSpecification\",\"valueRequired\":true,\"valueName\":\"search_term_string\"}}],\"inLanguage\":\"es\"},{\"@type\":\"Person\",\"@id\":\"https:\\\/\\\/choyleefut.ar\\\/web\\\/#\\\/schema\\\/person\\\/e951a8b4ec21d7261aaed7f77ff9b566\",\"name\":\"Charly\",\"sameAs\":[\"https:\\\/\\\/choyleefut.ar\\\/web\"],\"url\":\"https:\\\/\\\/choyleefut.ar\\\/web\\\/author\\\/charly\\\/\"}]}<\/script>\n<!-- \/ Yoast SEO plugin. -->","yoast_head_json":{"title":"Entrevista a Sifu Ra\u00fal en la Radio de la Biblioteca del Congreso de la Naci\u00f3n. - Choy Lee Fut Argentina","robots":{"index":"index","follow":"follow","max-snippet":"max-snippet:-1","max-image-preview":"max-image-preview:large","max-video-preview":"max-video-preview:-1"},"canonical":"https:\/\/choyleefut.ar\/web\/cultural\/entrevista-a-sifu-raul-en-la-radio-de-la-biblioteca-del-congreso-de-la-nacion\/","og_locale":"es_ES","og_type":"article","og_title":"Entrevista a Sifu Ra\u00fal en la Radio de la Biblioteca del Congreso de la Naci\u00f3n. - Choy Lee Fut Argentina","og_description":"Compartimos un resumen de la entrevista a Sifu Ra\u00fal para quienes no pudieron escuchar en vivo el programa. En una reciente emisi\u00f3n de \u00abAsia en Buenos Aires\u00bb en BCN Radio particip\u00f3 Sifu Ra\u00fal y comparti\u00f3 valiosas perspectivas sobre la danza del le\u00f3n y el drag\u00f3n chinas. Sifu Ra\u00fal nos cuenta, alrededor del minuto 9:09, sobre [&hellip;]","og_url":"https:\/\/choyleefut.ar\/web\/cultural\/entrevista-a-sifu-raul-en-la-radio-de-la-biblioteca-del-congreso-de-la-nacion\/","og_site_name":"Choy Lee Fut Argentina","article_published_time":"2025-04-13T15:09:46+00:00","article_modified_time":"2025-04-13T22:00:45+00:00","og_image":[{"width":1322,"height":745,"url":"https:\/\/choyleefut.ar\/web\/wp-content\/uploads\/2025\/04\/EntrevistaBCN01.jpg","type":"image\/jpeg"}],"author":"Charly","twitter_card":"summary_large_image","twitter_misc":{"Escrito por":"Charly","Tiempo de lectura":"2 minutos"},"schema":{"@context":"https:\/\/schema.org","@graph":[{"@type":"Article","@id":"https:\/\/choyleefut.ar\/web\/cultural\/entrevista-a-sifu-raul-en-la-radio-de-la-biblioteca-del-congreso-de-la-nacion\/#article","isPartOf":{"@id":"https:\/\/choyleefut.ar\/web\/cultural\/entrevista-a-sifu-raul-en-la-radio-de-la-biblioteca-del-congreso-de-la-nacion\/"},"author":{"name":"Charly","@id":"https:\/\/choyleefut.ar\/web\/#\/schema\/person\/e951a8b4ec21d7261aaed7f77ff9b566"},"headline":"Entrevista a Sifu Ra\u00fal en la Radio de la Biblioteca del Congreso de la Naci\u00f3n.","datePublished":"2025-04-13T15:09:46+00:00","dateModified":"2025-04-13T22:00:45+00:00","mainEntityOfPage":{"@id":"https:\/\/choyleefut.ar\/web\/cultural\/entrevista-a-sifu-raul-en-la-radio-de-la-biblioteca-del-congreso-de-la-nacion\/"},"wordCount":287,"commentCount":1,"image":{"@id":"https:\/\/choyleefut.ar\/web\/cultural\/entrevista-a-sifu-raul-en-la-radio-de-la-biblioteca-del-congreso-de-la-nacion\/#primaryimage"},"thumbnailUrl":"https:\/\/choyleefut.ar\/web\/wp-content\/uploads\/2025\/04\/EntrevistaBCN01.jpg","keywords":["novedades"],"articleSection":["Actividades","Cultural"],"inLanguage":"es","potentialAction":[{"@type":"CommentAction","name":"Comment","target":["https:\/\/choyleefut.ar\/web\/cultural\/entrevista-a-sifu-raul-en-la-radio-de-la-biblioteca-del-congreso-de-la-nacion\/#respond"]}]},{"@type":"WebPage","@id":"https:\/\/choyleefut.ar\/web\/cultural\/entrevista-a-sifu-raul-en-la-radio-de-la-biblioteca-del-congreso-de-la-nacion\/","url":"https:\/\/choyleefut.ar\/web\/cultural\/entrevista-a-sifu-raul-en-la-radio-de-la-biblioteca-del-congreso-de-la-nacion\/","name":"Entrevista a Sifu Ra\u00fal en la Radio de la Biblioteca del Congreso de la Naci\u00f3n. - Choy Lee Fut Argentina","isPartOf":{"@id":"https:\/\/choyleefut.ar\/web\/#website"},"primaryImageOfPage":{"@id":"https:\/\/choyleefut.ar\/web\/cultural\/entrevista-a-sifu-raul-en-la-radio-de-la-biblioteca-del-congreso-de-la-nacion\/#primaryimage"},"image":{"@id":"https:\/\/choyleefut.ar\/web\/cultural\/entrevista-a-sifu-raul-en-la-radio-de-la-biblioteca-del-congreso-de-la-nacion\/#primaryimage"},"thumbnailUrl":"https:\/\/choyleefut.ar\/web\/wp-content\/uploads\/2025\/04\/EntrevistaBCN01.jpg","datePublished":"2025-04-13T15:09:46+00:00","dateModified":"2025-04-13T22:00:45+00:00","author":{"@id":"https:\/\/choyleefut.ar\/web\/#\/schema\/person\/e951a8b4ec21d7261aaed7f77ff9b566"},"breadcrumb":{"@id":"https:\/\/choyleefut.ar\/web\/cultural\/entrevista-a-sifu-raul-en-la-radio-de-la-biblioteca-del-congreso-de-la-nacion\/#breadcrumb"},"inLanguage":"es","potentialAction":[{"@type":"ReadAction","target":["https:\/\/choyleefut.ar\/web\/cultural\/entrevista-a-sifu-raul-en-la-radio-de-la-biblioteca-del-congreso-de-la-nacion\/"]}]},{"@type":"ImageObject","inLanguage":"es","@id":"https:\/\/choyleefut.ar\/web\/cultural\/entrevista-a-sifu-raul-en-la-radio-de-la-biblioteca-del-congreso-de-la-nacion\/#primaryimage","url":"https:\/\/choyleefut.ar\/web\/wp-content\/uploads\/2025\/04\/EntrevistaBCN01.jpg","contentUrl":"https:\/\/choyleefut.ar\/web\/wp-content\/uploads\/2025\/04\/EntrevistaBCN01.jpg","width":1322,"height":745},{"@type":"BreadcrumbList","@id":"https:\/\/choyleefut.ar\/web\/cultural\/entrevista-a-sifu-raul-en-la-radio-de-la-biblioteca-del-congreso-de-la-nacion\/#breadcrumb","itemListElement":[{"@type":"ListItem","position":1,"name":"Home","item":"https:\/\/choyleefut.ar\/web\/"},{"@type":"ListItem","position":2,"name":"Entrevista a Sifu Ra\u00fal en la Radio de la Biblioteca del Congreso de la Naci\u00f3n."}]},{"@type":"WebSite","@id":"https:\/\/choyleefut.ar\/web\/#website","url":"https:\/\/choyleefut.ar\/web\/","name":"Choy Lee Fut Argentina","description":"Escuela tradicional de Kung fu","potentialAction":[{"@type":"SearchAction","target":{"@type":"EntryPoint","urlTemplate":"https:\/\/choyleefut.ar\/web\/?s={search_term_string}"},"query-input":{"@type":"PropertyValueSpecification","valueRequired":true,"valueName":"search_term_string"}}],"inLanguage":"es"},{"@type":"Person","@id":"https:\/\/choyleefut.ar\/web\/#\/schema\/person\/e951a8b4ec21d7261aaed7f77ff9b566","name":"Charly","sameAs":["https:\/\/choyleefut.ar\/web"],"url":"https:\/\/choyleefut.ar\/web\/author\/charly\/"}]}},"_links":{"self":[{"href":"https:\/\/choyleefut.ar\/web\/wp-json\/wp\/v2\/posts\/2147","targetHints":{"allow":["GET"]}}],"collection":[{"href":"https:\/\/choyleefut.ar\/web\/wp-json\/wp\/v2\/posts"}],"about":[{"href":"https:\/\/choyleefut.ar\/web\/wp-json\/wp\/v2\/types\/post"}],"author":[{"embeddable":true,"href":"https:\/\/choyleefut.ar\/web\/wp-json\/wp\/v2\/users\/1"}],"replies":[{"embeddable":true,"href":"https:\/\/choyleefut.ar\/web\/wp-json\/wp\/v2\/comments?post=2147"}],"version-history":[{"count":2,"href":"https:\/\/choyleefut.ar\/web\/wp-json\/wp\/v2\/posts\/2147\/revisions"}],"predecessor-version":[{"id":2151,"href":"https:\/\/choyleefut.ar\/web\/wp-json\/wp\/v2\/posts\/2147\/revisions\/2151"}],"wp:featuredmedia":[{"embeddable":true,"href":"https:\/\/choyleefut.ar\/web\/wp-json\/wp\/v2\/media\/2148"}],"wp:attachment":[{"href":"https:\/\/choyleefut.ar\/web\/wp-json\/wp\/v2\/media?parent=2147"}],"wp:term":[{"taxonomy":"category","embeddable":true,"href":"https:\/\/choyleefut.ar\/web\/wp-json\/wp\/v2\/categories?post=2147"},{"taxonomy":"post_tag","embeddable":true,"href":"https:\/\/choyleefut.ar\/web\/wp-json\/wp\/v2\/tags?post=2147"}],"curies":[{"name":"wp","href":"https:\/\/api.w.org\/{rel}","templated":true}]}}