{"id":2034,"date":"2023-12-21T00:00:00","date_gmt":"2023-12-21T00:00:00","guid":{"rendered":"https:\/\/choyleefut.ar\/web\/?p=2034"},"modified":"2025-04-13T22:00:36","modified_gmt":"2025-04-13T22:00:36","slug":"congreso-de-historia-de-la-danza-y-musica-de-asia-y-el-norte-de-africa","status":"publish","type":"post","link":"https:\/\/choyleefut.ar\/web\/cultural\/congreso-de-historia-de-la-danza-y-musica-de-asia-y-el-norte-de-africa\/","title":{"rendered":"Congreso de Historia de la Danza y M\u00fasica de Asia y el Norte de \u00c1frica"},"content":{"rendered":"\n<p>El reciente Congreso de Historia de la Danza y M\u00fasica de Asia y el Norte de \u00c1frica se erigi\u00f3 como un encuentro trascendental que reuni\u00f3 a destacados especialistas argentinos e internacionales en la tem\u00e1tica. Dise\u00f1ado para atraer a estudiantes, docentes de diversas disciplinas art\u00edsticas e investigadores, este evento se destac\u00f3 por su enfoque tanto art\u00edstico como acad\u00e9mico.<\/p>\n\n\n\n<figure class=\"wp-block-gallery has-nested-images columns-default is-cropped wp-block-gallery-1 is-layout-flex wp-block-gallery-is-layout-flex\">\n<figure class=\"wp-block-image size-large\"><img fetchpriority=\"high\" decoding=\"async\" width=\"683\" height=\"1024\" data-id=\"2036\" src=\"https:\/\/choyleefut.ar\/web\/wp-content\/uploads\/2023\/12\/Congreso2023b-683x1024.jpeg\" alt=\"\" class=\"wp-image-2036\" srcset=\"https:\/\/choyleefut.ar\/web\/wp-content\/uploads\/2023\/12\/Congreso2023b-683x1024.jpeg 683w, https:\/\/choyleefut.ar\/web\/wp-content\/uploads\/2023\/12\/Congreso2023b-200x300.jpeg 200w, https:\/\/choyleefut.ar\/web\/wp-content\/uploads\/2023\/12\/Congreso2023b-768x1152.jpeg 768w, https:\/\/choyleefut.ar\/web\/wp-content\/uploads\/2023\/12\/Congreso2023b-1024x1536.jpeg 1024w, https:\/\/choyleefut.ar\/web\/wp-content\/uploads\/2023\/12\/Congreso2023b-1365x2048.jpeg 1365w, https:\/\/choyleefut.ar\/web\/wp-content\/uploads\/2023\/12\/Congreso2023b-scaled.jpeg 1706w\" sizes=\"(max-width: 683px) 100vw, 683px\" \/><\/figure>\n\n\n\n<figure class=\"wp-block-image size-large\"><img decoding=\"async\" width=\"683\" height=\"1024\" data-id=\"2035\" src=\"https:\/\/choyleefut.ar\/web\/wp-content\/uploads\/2023\/12\/Congreso2023c-683x1024.jpeg\" alt=\"\" class=\"wp-image-2035\" srcset=\"https:\/\/choyleefut.ar\/web\/wp-content\/uploads\/2023\/12\/Congreso2023c-683x1024.jpeg 683w, https:\/\/choyleefut.ar\/web\/wp-content\/uploads\/2023\/12\/Congreso2023c-200x300.jpeg 200w, https:\/\/choyleefut.ar\/web\/wp-content\/uploads\/2023\/12\/Congreso2023c-768x1152.jpeg 768w, https:\/\/choyleefut.ar\/web\/wp-content\/uploads\/2023\/12\/Congreso2023c-1024x1536.jpeg 1024w, https:\/\/choyleefut.ar\/web\/wp-content\/uploads\/2023\/12\/Congreso2023c-1365x2048.jpeg 1365w, https:\/\/choyleefut.ar\/web\/wp-content\/uploads\/2023\/12\/Congreso2023c-scaled.jpeg 1706w\" sizes=\"(max-width: 683px) 100vw, 683px\" \/><\/figure>\n<\/figure>\n\n\n\n<p>Bajo la iniciativa de difundir las riquezas culturales de la m\u00fasica y danza provenientes de Asia y el Norte de \u00c1frica, el congreso proporcion\u00f3 una plataforma \u00fanica para la exploraci\u00f3n, el aprendizaje y el intercambio de conocimientos. La Fundaci\u00f3n Santander Argentina respald\u00f3 activamente este evento a trav\u00e9s del R\u00e9gimen de Promoci\u00f3n Cultural (Mecenazgo) del Ministerio de Cultura de la Ciudad de Buenos Aires, consolidando as\u00ed su compromiso con la promoci\u00f3n de expresiones culturales diversas.<\/p>\n\n\n\n<p>Este congreso, declarado de inter\u00e9s cultural por el Ministerio de Cultura, no solo cumpli\u00f3 con su prop\u00f3sito de fomentar el entendimiento y aprecio por la rica herencia art\u00edstica de Asia y el Norte de \u00c1frica, sino que tambi\u00e9n sirvi\u00f3 como un espacio de conexi\u00f3n e inspiraci\u00f3n para todos los participantes. Desde conferencias magistrales hasta presentaciones art\u00edsticas cautivadoras, el evento dej\u00f3 una huella duradera en la comunidad acad\u00e9mica y art\u00edstica, consolid\u00e1ndose como un hito en la exploraci\u00f3n y celebraci\u00f3n de la danza y la m\u00fasica de estas regiones fascinantes.<\/p>\n\n\n\n<figure class=\"wp-block-gallery has-nested-images columns-default is-cropped wp-block-gallery-2 is-layout-flex wp-block-gallery-is-layout-flex\">\n<figure class=\"wp-block-image size-large\"><img decoding=\"async\" width=\"1024\" height=\"682\" data-id=\"2037\" src=\"https:\/\/choyleefut.ar\/web\/wp-content\/uploads\/2023\/12\/Congreso2023a-1024x682.jpeg\" alt=\"\" class=\"wp-image-2037\" srcset=\"https:\/\/choyleefut.ar\/web\/wp-content\/uploads\/2023\/12\/Congreso2023a-1024x682.jpeg 1024w, https:\/\/choyleefut.ar\/web\/wp-content\/uploads\/2023\/12\/Congreso2023a-300x200.jpeg 300w, https:\/\/choyleefut.ar\/web\/wp-content\/uploads\/2023\/12\/Congreso2023a-768x512.jpeg 768w, https:\/\/choyleefut.ar\/web\/wp-content\/uploads\/2023\/12\/Congreso2023a.jpeg 1496w\" sizes=\"(max-width: 1024px) 100vw, 1024px\" \/><\/figure>\n<\/figure>\n","protected":false},"excerpt":{"rendered":"<p>El reciente Congreso de Historia de la Danza y M\u00fasica de Asia y el Norte de \u00c1frica se erigi\u00f3 como un encuentro trascendental que reuni\u00f3 a destacados especialistas argentinos e internacionales en la tem\u00e1tica. Dise\u00f1ado para atraer a estudiantes, docentes de diversas disciplinas art\u00edsticas e investigadores, este evento se destac\u00f3 por su enfoque tanto art\u00edstico [&hellip;]<\/p>\n","protected":false},"author":1,"featured_media":2038,"comment_status":"open","ping_status":"open","sticky":false,"template":"","format":"standard","meta":{"footnotes":""},"categories":[14,12],"tags":[],"class_list":["post-2034","post","type-post","status-publish","format-standard","has-post-thumbnail","hentry","category-actividades","category-cultural"],"yoast_head":"<!-- This site is optimized with the Yoast SEO plugin v27.3 - https:\/\/yoast.com\/product\/yoast-seo-wordpress\/ -->\n<title>Congreso de Historia de la Danza y M\u00fasica de Asia y el Norte de \u00c1frica - Choy Lee Fut Argentina<\/title>\n<meta name=\"robots\" content=\"index, follow, max-snippet:-1, max-image-preview:large, max-video-preview:-1\" \/>\n<link rel=\"canonical\" href=\"https:\/\/choyleefut.ar\/web\/cultural\/congreso-de-historia-de-la-danza-y-musica-de-asia-y-el-norte-de-africa\/\" \/>\n<meta property=\"og:locale\" content=\"es_ES\" \/>\n<meta property=\"og:type\" content=\"article\" \/>\n<meta property=\"og:title\" content=\"Congreso de Historia de la Danza y M\u00fasica de Asia y el Norte de \u00c1frica - Choy Lee Fut Argentina\" \/>\n<meta property=\"og:description\" content=\"El reciente Congreso de Historia de la Danza y M\u00fasica de Asia y el Norte de \u00c1frica se erigi\u00f3 como un encuentro trascendental que reuni\u00f3 a destacados especialistas argentinos e internacionales en la tem\u00e1tica. Dise\u00f1ado para atraer a estudiantes, docentes de diversas disciplinas art\u00edsticas e investigadores, este evento se destac\u00f3 por su enfoque tanto art\u00edstico [&hellip;]\" \/>\n<meta property=\"og:url\" content=\"https:\/\/choyleefut.ar\/web\/cultural\/congreso-de-historia-de-la-danza-y-musica-de-asia-y-el-norte-de-africa\/\" \/>\n<meta property=\"og:site_name\" content=\"Choy Lee Fut Argentina\" \/>\n<meta property=\"article:published_time\" content=\"2023-12-21T00:00:00+00:00\" \/>\n<meta property=\"article:modified_time\" content=\"2025-04-13T22:00:36+00:00\" \/>\n<meta property=\"og:image\" content=\"https:\/\/choyleefut.ar\/web\/wp-content\/uploads\/2023\/12\/Congreso2023d-scaled-e1703118012342.jpeg\" \/>\n\t<meta property=\"og:image:width\" content=\"2560\" \/>\n\t<meta property=\"og:image:height\" content=\"1070\" \/>\n\t<meta property=\"og:image:type\" content=\"image\/jpeg\" \/>\n<meta name=\"author\" content=\"Charly\" \/>\n<meta name=\"twitter:card\" content=\"summary_large_image\" \/>\n<meta name=\"twitter:label1\" content=\"Escrito por\" \/>\n\t<meta name=\"twitter:data1\" content=\"Charly\" \/>\n\t<meta name=\"twitter:label2\" content=\"Tiempo de lectura\" \/>\n\t<meta name=\"twitter:data2\" content=\"2 minutos\" \/>\n<script type=\"application\/ld+json\" class=\"yoast-schema-graph\">{\"@context\":\"https:\\\/\\\/schema.org\",\"@graph\":[{\"@type\":\"Article\",\"@id\":\"https:\\\/\\\/choyleefut.ar\\\/web\\\/cultural\\\/congreso-de-historia-de-la-danza-y-musica-de-asia-y-el-norte-de-africa\\\/#article\",\"isPartOf\":{\"@id\":\"https:\\\/\\\/choyleefut.ar\\\/web\\\/cultural\\\/congreso-de-historia-de-la-danza-y-musica-de-asia-y-el-norte-de-africa\\\/\"},\"author\":{\"name\":\"Charly\",\"@id\":\"https:\\\/\\\/choyleefut.ar\\\/web\\\/#\\\/schema\\\/person\\\/e951a8b4ec21d7261aaed7f77ff9b566\"},\"headline\":\"Congreso de Historia de la Danza y M\u00fasica de Asia y el Norte de \u00c1frica\",\"datePublished\":\"2023-12-21T00:00:00+00:00\",\"dateModified\":\"2025-04-13T22:00:36+00:00\",\"mainEntityOfPage\":{\"@id\":\"https:\\\/\\\/choyleefut.ar\\\/web\\\/cultural\\\/congreso-de-historia-de-la-danza-y-musica-de-asia-y-el-norte-de-africa\\\/\"},\"wordCount\":261,\"commentCount\":0,\"image\":{\"@id\":\"https:\\\/\\\/choyleefut.ar\\\/web\\\/cultural\\\/congreso-de-historia-de-la-danza-y-musica-de-asia-y-el-norte-de-africa\\\/#primaryimage\"},\"thumbnailUrl\":\"https:\\\/\\\/choyleefut.ar\\\/web\\\/wp-content\\\/uploads\\\/2023\\\/12\\\/Congreso2023d-scaled-e1703118012342.jpeg\",\"articleSection\":[\"Actividades\",\"Cultural\"],\"inLanguage\":\"es\",\"potentialAction\":[{\"@type\":\"CommentAction\",\"name\":\"Comment\",\"target\":[\"https:\\\/\\\/choyleefut.ar\\\/web\\\/cultural\\\/congreso-de-historia-de-la-danza-y-musica-de-asia-y-el-norte-de-africa\\\/#respond\"]}]},{\"@type\":\"WebPage\",\"@id\":\"https:\\\/\\\/choyleefut.ar\\\/web\\\/cultural\\\/congreso-de-historia-de-la-danza-y-musica-de-asia-y-el-norte-de-africa\\\/\",\"url\":\"https:\\\/\\\/choyleefut.ar\\\/web\\\/cultural\\\/congreso-de-historia-de-la-danza-y-musica-de-asia-y-el-norte-de-africa\\\/\",\"name\":\"Congreso de Historia de la Danza y M\u00fasica de Asia y el Norte de \u00c1frica - Choy Lee Fut Argentina\",\"isPartOf\":{\"@id\":\"https:\\\/\\\/choyleefut.ar\\\/web\\\/#website\"},\"primaryImageOfPage\":{\"@id\":\"https:\\\/\\\/choyleefut.ar\\\/web\\\/cultural\\\/congreso-de-historia-de-la-danza-y-musica-de-asia-y-el-norte-de-africa\\\/#primaryimage\"},\"image\":{\"@id\":\"https:\\\/\\\/choyleefut.ar\\\/web\\\/cultural\\\/congreso-de-historia-de-la-danza-y-musica-de-asia-y-el-norte-de-africa\\\/#primaryimage\"},\"thumbnailUrl\":\"https:\\\/\\\/choyleefut.ar\\\/web\\\/wp-content\\\/uploads\\\/2023\\\/12\\\/Congreso2023d-scaled-e1703118012342.jpeg\",\"datePublished\":\"2023-12-21T00:00:00+00:00\",\"dateModified\":\"2025-04-13T22:00:36+00:00\",\"author\":{\"@id\":\"https:\\\/\\\/choyleefut.ar\\\/web\\\/#\\\/schema\\\/person\\\/e951a8b4ec21d7261aaed7f77ff9b566\"},\"breadcrumb\":{\"@id\":\"https:\\\/\\\/choyleefut.ar\\\/web\\\/cultural\\\/congreso-de-historia-de-la-danza-y-musica-de-asia-y-el-norte-de-africa\\\/#breadcrumb\"},\"inLanguage\":\"es\",\"potentialAction\":[{\"@type\":\"ReadAction\",\"target\":[\"https:\\\/\\\/choyleefut.ar\\\/web\\\/cultural\\\/congreso-de-historia-de-la-danza-y-musica-de-asia-y-el-norte-de-africa\\\/\"]}]},{\"@type\":\"ImageObject\",\"inLanguage\":\"es\",\"@id\":\"https:\\\/\\\/choyleefut.ar\\\/web\\\/cultural\\\/congreso-de-historia-de-la-danza-y-musica-de-asia-y-el-norte-de-africa\\\/#primaryimage\",\"url\":\"https:\\\/\\\/choyleefut.ar\\\/web\\\/wp-content\\\/uploads\\\/2023\\\/12\\\/Congreso2023d-scaled-e1703118012342.jpeg\",\"contentUrl\":\"https:\\\/\\\/choyleefut.ar\\\/web\\\/wp-content\\\/uploads\\\/2023\\\/12\\\/Congreso2023d-scaled-e1703118012342.jpeg\",\"width\":2560,\"height\":1070,\"caption\":\"Congreso de Historia de la Danza y M\u00fasica de Asia y el Norte de \u00c1frica\"},{\"@type\":\"BreadcrumbList\",\"@id\":\"https:\\\/\\\/choyleefut.ar\\\/web\\\/cultural\\\/congreso-de-historia-de-la-danza-y-musica-de-asia-y-el-norte-de-africa\\\/#breadcrumb\",\"itemListElement\":[{\"@type\":\"ListItem\",\"position\":1,\"name\":\"Home\",\"item\":\"https:\\\/\\\/choyleefut.ar\\\/web\\\/\"},{\"@type\":\"ListItem\",\"position\":2,\"name\":\"Congreso de Historia de la Danza y M\u00fasica de Asia y el Norte de \u00c1frica\"}]},{\"@type\":\"WebSite\",\"@id\":\"https:\\\/\\\/choyleefut.ar\\\/web\\\/#website\",\"url\":\"https:\\\/\\\/choyleefut.ar\\\/web\\\/\",\"name\":\"Choy Lee Fut Argentina\",\"description\":\"Escuela tradicional de Kung fu\",\"potentialAction\":[{\"@type\":\"SearchAction\",\"target\":{\"@type\":\"EntryPoint\",\"urlTemplate\":\"https:\\\/\\\/choyleefut.ar\\\/web\\\/?s={search_term_string}\"},\"query-input\":{\"@type\":\"PropertyValueSpecification\",\"valueRequired\":true,\"valueName\":\"search_term_string\"}}],\"inLanguage\":\"es\"},{\"@type\":\"Person\",\"@id\":\"https:\\\/\\\/choyleefut.ar\\\/web\\\/#\\\/schema\\\/person\\\/e951a8b4ec21d7261aaed7f77ff9b566\",\"name\":\"Charly\",\"sameAs\":[\"https:\\\/\\\/choyleefut.ar\\\/web\"],\"url\":\"https:\\\/\\\/choyleefut.ar\\\/web\\\/author\\\/charly\\\/\"}]}<\/script>\n<!-- \/ Yoast SEO plugin. -->","yoast_head_json":{"title":"Congreso de Historia de la Danza y M\u00fasica de Asia y el Norte de \u00c1frica - Choy Lee Fut Argentina","robots":{"index":"index","follow":"follow","max-snippet":"max-snippet:-1","max-image-preview":"max-image-preview:large","max-video-preview":"max-video-preview:-1"},"canonical":"https:\/\/choyleefut.ar\/web\/cultural\/congreso-de-historia-de-la-danza-y-musica-de-asia-y-el-norte-de-africa\/","og_locale":"es_ES","og_type":"article","og_title":"Congreso de Historia de la Danza y M\u00fasica de Asia y el Norte de \u00c1frica - Choy Lee Fut Argentina","og_description":"El reciente Congreso de Historia de la Danza y M\u00fasica de Asia y el Norte de \u00c1frica se erigi\u00f3 como un encuentro trascendental que reuni\u00f3 a destacados especialistas argentinos e internacionales en la tem\u00e1tica. Dise\u00f1ado para atraer a estudiantes, docentes de diversas disciplinas art\u00edsticas e investigadores, este evento se destac\u00f3 por su enfoque tanto art\u00edstico [&hellip;]","og_url":"https:\/\/choyleefut.ar\/web\/cultural\/congreso-de-historia-de-la-danza-y-musica-de-asia-y-el-norte-de-africa\/","og_site_name":"Choy Lee Fut Argentina","article_published_time":"2023-12-21T00:00:00+00:00","article_modified_time":"2025-04-13T22:00:36+00:00","og_image":[{"width":2560,"height":1070,"url":"https:\/\/choyleefut.ar\/web\/wp-content\/uploads\/2023\/12\/Congreso2023d-scaled-e1703118012342.jpeg","type":"image\/jpeg"}],"author":"Charly","twitter_card":"summary_large_image","twitter_misc":{"Escrito por":"Charly","Tiempo de lectura":"2 minutos"},"schema":{"@context":"https:\/\/schema.org","@graph":[{"@type":"Article","@id":"https:\/\/choyleefut.ar\/web\/cultural\/congreso-de-historia-de-la-danza-y-musica-de-asia-y-el-norte-de-africa\/#article","isPartOf":{"@id":"https:\/\/choyleefut.ar\/web\/cultural\/congreso-de-historia-de-la-danza-y-musica-de-asia-y-el-norte-de-africa\/"},"author":{"name":"Charly","@id":"https:\/\/choyleefut.ar\/web\/#\/schema\/person\/e951a8b4ec21d7261aaed7f77ff9b566"},"headline":"Congreso de Historia de la Danza y M\u00fasica de Asia y el Norte de \u00c1frica","datePublished":"2023-12-21T00:00:00+00:00","dateModified":"2025-04-13T22:00:36+00:00","mainEntityOfPage":{"@id":"https:\/\/choyleefut.ar\/web\/cultural\/congreso-de-historia-de-la-danza-y-musica-de-asia-y-el-norte-de-africa\/"},"wordCount":261,"commentCount":0,"image":{"@id":"https:\/\/choyleefut.ar\/web\/cultural\/congreso-de-historia-de-la-danza-y-musica-de-asia-y-el-norte-de-africa\/#primaryimage"},"thumbnailUrl":"https:\/\/choyleefut.ar\/web\/wp-content\/uploads\/2023\/12\/Congreso2023d-scaled-e1703118012342.jpeg","articleSection":["Actividades","Cultural"],"inLanguage":"es","potentialAction":[{"@type":"CommentAction","name":"Comment","target":["https:\/\/choyleefut.ar\/web\/cultural\/congreso-de-historia-de-la-danza-y-musica-de-asia-y-el-norte-de-africa\/#respond"]}]},{"@type":"WebPage","@id":"https:\/\/choyleefut.ar\/web\/cultural\/congreso-de-historia-de-la-danza-y-musica-de-asia-y-el-norte-de-africa\/","url":"https:\/\/choyleefut.ar\/web\/cultural\/congreso-de-historia-de-la-danza-y-musica-de-asia-y-el-norte-de-africa\/","name":"Congreso de Historia de la Danza y M\u00fasica de Asia y el Norte de \u00c1frica - Choy Lee Fut Argentina","isPartOf":{"@id":"https:\/\/choyleefut.ar\/web\/#website"},"primaryImageOfPage":{"@id":"https:\/\/choyleefut.ar\/web\/cultural\/congreso-de-historia-de-la-danza-y-musica-de-asia-y-el-norte-de-africa\/#primaryimage"},"image":{"@id":"https:\/\/choyleefut.ar\/web\/cultural\/congreso-de-historia-de-la-danza-y-musica-de-asia-y-el-norte-de-africa\/#primaryimage"},"thumbnailUrl":"https:\/\/choyleefut.ar\/web\/wp-content\/uploads\/2023\/12\/Congreso2023d-scaled-e1703118012342.jpeg","datePublished":"2023-12-21T00:00:00+00:00","dateModified":"2025-04-13T22:00:36+00:00","author":{"@id":"https:\/\/choyleefut.ar\/web\/#\/schema\/person\/e951a8b4ec21d7261aaed7f77ff9b566"},"breadcrumb":{"@id":"https:\/\/choyleefut.ar\/web\/cultural\/congreso-de-historia-de-la-danza-y-musica-de-asia-y-el-norte-de-africa\/#breadcrumb"},"inLanguage":"es","potentialAction":[{"@type":"ReadAction","target":["https:\/\/choyleefut.ar\/web\/cultural\/congreso-de-historia-de-la-danza-y-musica-de-asia-y-el-norte-de-africa\/"]}]},{"@type":"ImageObject","inLanguage":"es","@id":"https:\/\/choyleefut.ar\/web\/cultural\/congreso-de-historia-de-la-danza-y-musica-de-asia-y-el-norte-de-africa\/#primaryimage","url":"https:\/\/choyleefut.ar\/web\/wp-content\/uploads\/2023\/12\/Congreso2023d-scaled-e1703118012342.jpeg","contentUrl":"https:\/\/choyleefut.ar\/web\/wp-content\/uploads\/2023\/12\/Congreso2023d-scaled-e1703118012342.jpeg","width":2560,"height":1070,"caption":"Congreso de Historia de la Danza y M\u00fasica de Asia y el Norte de \u00c1frica"},{"@type":"BreadcrumbList","@id":"https:\/\/choyleefut.ar\/web\/cultural\/congreso-de-historia-de-la-danza-y-musica-de-asia-y-el-norte-de-africa\/#breadcrumb","itemListElement":[{"@type":"ListItem","position":1,"name":"Home","item":"https:\/\/choyleefut.ar\/web\/"},{"@type":"ListItem","position":2,"name":"Congreso de Historia de la Danza y M\u00fasica de Asia y el Norte de \u00c1frica"}]},{"@type":"WebSite","@id":"https:\/\/choyleefut.ar\/web\/#website","url":"https:\/\/choyleefut.ar\/web\/","name":"Choy Lee Fut Argentina","description":"Escuela tradicional de Kung fu","potentialAction":[{"@type":"SearchAction","target":{"@type":"EntryPoint","urlTemplate":"https:\/\/choyleefut.ar\/web\/?s={search_term_string}"},"query-input":{"@type":"PropertyValueSpecification","valueRequired":true,"valueName":"search_term_string"}}],"inLanguage":"es"},{"@type":"Person","@id":"https:\/\/choyleefut.ar\/web\/#\/schema\/person\/e951a8b4ec21d7261aaed7f77ff9b566","name":"Charly","sameAs":["https:\/\/choyleefut.ar\/web"],"url":"https:\/\/choyleefut.ar\/web\/author\/charly\/"}]}},"_links":{"self":[{"href":"https:\/\/choyleefut.ar\/web\/wp-json\/wp\/v2\/posts\/2034","targetHints":{"allow":["GET"]}}],"collection":[{"href":"https:\/\/choyleefut.ar\/web\/wp-json\/wp\/v2\/posts"}],"about":[{"href":"https:\/\/choyleefut.ar\/web\/wp-json\/wp\/v2\/types\/post"}],"author":[{"embeddable":true,"href":"https:\/\/choyleefut.ar\/web\/wp-json\/wp\/v2\/users\/1"}],"replies":[{"embeddable":true,"href":"https:\/\/choyleefut.ar\/web\/wp-json\/wp\/v2\/comments?post=2034"}],"version-history":[{"count":1,"href":"https:\/\/choyleefut.ar\/web\/wp-json\/wp\/v2\/posts\/2034\/revisions"}],"predecessor-version":[{"id":2039,"href":"https:\/\/choyleefut.ar\/web\/wp-json\/wp\/v2\/posts\/2034\/revisions\/2039"}],"wp:featuredmedia":[{"embeddable":true,"href":"https:\/\/choyleefut.ar\/web\/wp-json\/wp\/v2\/media\/2038"}],"wp:attachment":[{"href":"https:\/\/choyleefut.ar\/web\/wp-json\/wp\/v2\/media?parent=2034"}],"wp:term":[{"taxonomy":"category","embeddable":true,"href":"https:\/\/choyleefut.ar\/web\/wp-json\/wp\/v2\/categories?post=2034"},{"taxonomy":"post_tag","embeddable":true,"href":"https:\/\/choyleefut.ar\/web\/wp-json\/wp\/v2\/tags?post=2034"}],"curies":[{"name":"wp","href":"https:\/\/api.w.org\/{rel}","templated":true}]}}