{"id":1768,"date":"2023-06-28T15:13:06","date_gmt":"2023-06-28T15:13:06","guid":{"rendered":"https:\/\/choyleefut.ar\/web\/?p=1768"},"modified":"2023-06-28T15:15:07","modified_gmt":"2023-06-28T15:15:07","slug":"seminarioseung-gab-da-gwun","status":"publish","type":"post","link":"https:\/\/choyleefut.ar\/web\/actividades\/seminarioseung-gab-da-gwun\/","title":{"rendered":"SeminarioSeung Gab Da Gwun"},"content":{"rendered":"\n<h3 class=\"wp-block-heading\">Seminario de Palo de dos cabezas Ying y Yang<\/h3>\n\n\n\n<p>Nos alegra compartir los detalles y los resultados positivos de nuestro reciente Seminario de Palo de dos cabezas Ying y Yang (Seung Gab Da Gwun) que se llev\u00f3 a cabo el pasado 19 de junio a las 14:00 horas. Este evento estuvo dise\u00f1ado especialmente para nuestros alumnos de nivel medio y result\u00f3 ser una experiencia sumamente enriquecedora para todos los participantes.<\/p>\n\n\n\n<p>Durante el Seminario de Palo de dos cabezas Ying y Yang, nuestros alumnos tuvieron la oportunidad de tener un primer contacto con una forma de arma fundamental en el Kung Fu Choy Lee Fut.<\/p>\n\n\n\n<p>Los alumnos conectaron con los fundamentos y las t\u00e9cnicas espec\u00edficas relacionadas con el uso del palo de dos cabezas. Adem\u00e1s, se ahond\u00f3 en la filosof\u00eda y el simbolismo del concepto Ying y Yang, que representan la dualidad y la armon\u00eda presentes en el Kung Fu.<\/p>\n\n\n\n<figure class=\"wp-block-image size-large\"><img fetchpriority=\"high\" decoding=\"async\" width=\"1024\" height=\"768\" src=\"https:\/\/choyleefut.ar\/web\/wp-content\/uploads\/2023\/06\/230619-Taller-Seung-Gab-Da-Gwun03-1024x768.jpeg\" alt=\"\" class=\"wp-image-1770\" srcset=\"https:\/\/choyleefut.ar\/web\/wp-content\/uploads\/2023\/06\/230619-Taller-Seung-Gab-Da-Gwun03-1024x768.jpeg 1024w, https:\/\/choyleefut.ar\/web\/wp-content\/uploads\/2023\/06\/230619-Taller-Seung-Gab-Da-Gwun03-300x225.jpeg 300w, https:\/\/choyleefut.ar\/web\/wp-content\/uploads\/2023\/06\/230619-Taller-Seung-Gab-Da-Gwun03-768x576.jpeg 768w, https:\/\/choyleefut.ar\/web\/wp-content\/uploads\/2023\/06\/230619-Taller-Seung-Gab-Da-Gwun03-1536x1152.jpeg 1536w, https:\/\/choyleefut.ar\/web\/wp-content\/uploads\/2023\/06\/230619-Taller-Seung-Gab-Da-Gwun03.jpeg 1600w\" sizes=\"(max-width: 1024px) 100vw, 1024px\" \/><\/figure>\n\n\n\n<p>La jornada del seminario estuvo llena de pr\u00e1ctica y aplicaci\u00f3n de lo aprendido. Los alumnos participaron activamente en ejercicios pr\u00e1cticos y secuencias de movimiento, demostrando un impresionante progreso en su habilidad con el arma. Fue gratificante observar c\u00f3mo cada participante se sumergi\u00f3 en la experiencia y logr\u00f3 desarrollar una conexi\u00f3n m\u00e1s profunda con esta forma de arma ic\u00f3nica para el estilo.<\/p>\n\n\n\n<p>Agradecemos a todos los participantes por su entusiasmo y dedicaci\u00f3n durante este seminario. Su compromiso y pasi\u00f3n por el Kung Fu son un verdadero testimonio de la fortaleza y la unidad de nuestra comunidad. Esperamos con ansias futuros eventos que nos permitan seguir creciendo y compartiendo conocimientos juntos.<\/p>\n\n\n\n<figure class=\"wp-block-gallery has-nested-images columns-default is-cropped wp-block-gallery-1 is-layout-flex wp-block-gallery-is-layout-flex\">\n<figure class=\"wp-block-image size-large\"><img decoding=\"async\" width=\"1024\" height=\"768\" data-id=\"1772\" src=\"https:\/\/choyleefut.ar\/web\/wp-content\/uploads\/2023\/06\/230619-Taller-Seung-Gab-Da-Gwun02-1024x768.jpeg\" alt=\"\" class=\"wp-image-1772\" srcset=\"https:\/\/choyleefut.ar\/web\/wp-content\/uploads\/2023\/06\/230619-Taller-Seung-Gab-Da-Gwun02-1024x768.jpeg 1024w, https:\/\/choyleefut.ar\/web\/wp-content\/uploads\/2023\/06\/230619-Taller-Seung-Gab-Da-Gwun02-300x225.jpeg 300w, https:\/\/choyleefut.ar\/web\/wp-content\/uploads\/2023\/06\/230619-Taller-Seung-Gab-Da-Gwun02-768x576.jpeg 768w, https:\/\/choyleefut.ar\/web\/wp-content\/uploads\/2023\/06\/230619-Taller-Seung-Gab-Da-Gwun02-1536x1152.jpeg 1536w, https:\/\/choyleefut.ar\/web\/wp-content\/uploads\/2023\/06\/230619-Taller-Seung-Gab-Da-Gwun02.jpeg 1600w\" sizes=\"(max-width: 1024px) 100vw, 1024px\" \/><\/figure>\n\n\n\n<figure class=\"wp-block-image size-large\"><img decoding=\"async\" width=\"1024\" height=\"788\" data-id=\"1771\" src=\"https:\/\/choyleefut.ar\/web\/wp-content\/uploads\/2023\/06\/230619-Taller-Seung-Gab-Da-Gwun04-1024x788.jpeg\" alt=\"\" class=\"wp-image-1771\" srcset=\"https:\/\/choyleefut.ar\/web\/wp-content\/uploads\/2023\/06\/230619-Taller-Seung-Gab-Da-Gwun04-1024x788.jpeg 1024w, https:\/\/choyleefut.ar\/web\/wp-content\/uploads\/2023\/06\/230619-Taller-Seung-Gab-Da-Gwun04-300x231.jpeg 300w, https:\/\/choyleefut.ar\/web\/wp-content\/uploads\/2023\/06\/230619-Taller-Seung-Gab-Da-Gwun04-768x591.jpeg 768w, https:\/\/choyleefut.ar\/web\/wp-content\/uploads\/2023\/06\/230619-Taller-Seung-Gab-Da-Gwun04.jpeg 1280w\" sizes=\"(max-width: 1024px) 100vw, 1024px\" \/><\/figure>\n<\/figure>\n","protected":false},"excerpt":{"rendered":"<p>Seminario de Palo de dos cabezas Ying y Yang Nos alegra compartir los detalles y los resultados positivos de nuestro reciente Seminario de Palo de dos cabezas Ying y Yang (Seung Gab Da Gwun) que se llev\u00f3 a cabo el pasado 19 de junio a las 14:00 horas. Este evento estuvo dise\u00f1ado especialmente para nuestros [&hellip;]<\/p>\n","protected":false},"author":2,"featured_media":1773,"comment_status":"open","ping_status":"open","sticky":false,"template":"","format":"standard","meta":{"footnotes":""},"categories":[14,10],"tags":[15],"class_list":["post-1768","post","type-post","status-publish","format-standard","has-post-thumbnail","hentry","category-actividades","category-kung-fu","tag-novedades"],"yoast_head":"<!-- This site is optimized with the Yoast SEO plugin v27.3 - https:\/\/yoast.com\/product\/yoast-seo-wordpress\/ -->\n<title>SeminarioSeung Gab Da Gwun - Choy Lee Fut Argentina<\/title>\n<meta name=\"robots\" content=\"index, follow, max-snippet:-1, max-image-preview:large, max-video-preview:-1\" \/>\n<link rel=\"canonical\" href=\"https:\/\/choyleefut.ar\/web\/kung-fu\/seminarioseung-gab-da-gwun\/\" \/>\n<meta property=\"og:locale\" content=\"es_ES\" \/>\n<meta property=\"og:type\" content=\"article\" \/>\n<meta property=\"og:title\" content=\"SeminarioSeung Gab Da Gwun - Choy Lee Fut Argentina\" \/>\n<meta property=\"og:description\" content=\"Seminario de Palo de dos cabezas Ying y Yang Nos alegra compartir los detalles y los resultados positivos de nuestro reciente Seminario de Palo de dos cabezas Ying y Yang (Seung Gab Da Gwun) que se llev\u00f3 a cabo el pasado 19 de junio a las 14:00 horas. Este evento estuvo dise\u00f1ado especialmente para nuestros [&hellip;]\" \/>\n<meta property=\"og:url\" content=\"https:\/\/choyleefut.ar\/web\/kung-fu\/seminarioseung-gab-da-gwun\/\" \/>\n<meta property=\"og:site_name\" content=\"Choy Lee Fut Argentina\" \/>\n<meta property=\"article:published_time\" content=\"2023-06-28T15:13:06+00:00\" \/>\n<meta property=\"article:modified_time\" content=\"2023-06-28T15:15:07+00:00\" \/>\n<meta property=\"og:image\" content=\"https:\/\/choyleefut.ar\/web\/wp-content\/uploads\/2023\/06\/230619-Taller-Seung-Gab-Da-Gwun01-e1687965164741.jpeg\" \/>\n\t<meta property=\"og:image:width\" content=\"1600\" \/>\n\t<meta property=\"og:image:height\" content=\"924\" \/>\n\t<meta property=\"og:image:type\" content=\"image\/jpeg\" \/>\n<meta name=\"author\" content=\"Sifu Ra\u00fal Suarez\" \/>\n<meta name=\"twitter:card\" content=\"summary_large_image\" \/>\n<meta name=\"twitter:label1\" content=\"Escrito por\" \/>\n\t<meta name=\"twitter:data1\" content=\"Sifu Ra\u00fal Suarez\" \/>\n\t<meta name=\"twitter:label2\" content=\"Tiempo de lectura\" \/>\n\t<meta name=\"twitter:data2\" content=\"2 minutos\" \/>\n<script type=\"application\/ld+json\" class=\"yoast-schema-graph\">{\"@context\":\"https:\\\/\\\/schema.org\",\"@graph\":[{\"@type\":\"Article\",\"@id\":\"https:\\\/\\\/choyleefut.ar\\\/web\\\/kung-fu\\\/seminarioseung-gab-da-gwun\\\/#article\",\"isPartOf\":{\"@id\":\"https:\\\/\\\/choyleefut.ar\\\/web\\\/kung-fu\\\/seminarioseung-gab-da-gwun\\\/\"},\"author\":{\"name\":\"Sifu Ra\u00fal Suarez\",\"@id\":\"https:\\\/\\\/choyleefut.ar\\\/web\\\/#\\\/schema\\\/person\\\/77e4f1258179f6b750283bf0cea5288f\"},\"headline\":\"SeminarioSeung Gab Da Gwun\",\"datePublished\":\"2023-06-28T15:13:06+00:00\",\"dateModified\":\"2023-06-28T15:15:07+00:00\",\"mainEntityOfPage\":{\"@id\":\"https:\\\/\\\/choyleefut.ar\\\/web\\\/kung-fu\\\/seminarioseung-gab-da-gwun\\\/\"},\"wordCount\":275,\"commentCount\":1,\"image\":{\"@id\":\"https:\\\/\\\/choyleefut.ar\\\/web\\\/kung-fu\\\/seminarioseung-gab-da-gwun\\\/#primaryimage\"},\"thumbnailUrl\":\"https:\\\/\\\/choyleefut.ar\\\/web\\\/wp-content\\\/uploads\\\/2023\\\/06\\\/230619-Taller-Seung-Gab-Da-Gwun01-e1687965164741.jpeg\",\"keywords\":[\"novedades\"],\"articleSection\":[\"Actividades\",\"Kung fu\"],\"inLanguage\":\"es\",\"potentialAction\":[{\"@type\":\"CommentAction\",\"name\":\"Comment\",\"target\":[\"https:\\\/\\\/choyleefut.ar\\\/web\\\/kung-fu\\\/seminarioseung-gab-da-gwun\\\/#respond\"]}]},{\"@type\":\"WebPage\",\"@id\":\"https:\\\/\\\/choyleefut.ar\\\/web\\\/kung-fu\\\/seminarioseung-gab-da-gwun\\\/\",\"url\":\"https:\\\/\\\/choyleefut.ar\\\/web\\\/kung-fu\\\/seminarioseung-gab-da-gwun\\\/\",\"name\":\"SeminarioSeung Gab Da Gwun - Choy Lee Fut Argentina\",\"isPartOf\":{\"@id\":\"https:\\\/\\\/choyleefut.ar\\\/web\\\/#website\"},\"primaryImageOfPage\":{\"@id\":\"https:\\\/\\\/choyleefut.ar\\\/web\\\/kung-fu\\\/seminarioseung-gab-da-gwun\\\/#primaryimage\"},\"image\":{\"@id\":\"https:\\\/\\\/choyleefut.ar\\\/web\\\/kung-fu\\\/seminarioseung-gab-da-gwun\\\/#primaryimage\"},\"thumbnailUrl\":\"https:\\\/\\\/choyleefut.ar\\\/web\\\/wp-content\\\/uploads\\\/2023\\\/06\\\/230619-Taller-Seung-Gab-Da-Gwun01-e1687965164741.jpeg\",\"datePublished\":\"2023-06-28T15:13:06+00:00\",\"dateModified\":\"2023-06-28T15:15:07+00:00\",\"author\":{\"@id\":\"https:\\\/\\\/choyleefut.ar\\\/web\\\/#\\\/schema\\\/person\\\/77e4f1258179f6b750283bf0cea5288f\"},\"breadcrumb\":{\"@id\":\"https:\\\/\\\/choyleefut.ar\\\/web\\\/kung-fu\\\/seminarioseung-gab-da-gwun\\\/#breadcrumb\"},\"inLanguage\":\"es\",\"potentialAction\":[{\"@type\":\"ReadAction\",\"target\":[\"https:\\\/\\\/choyleefut.ar\\\/web\\\/kung-fu\\\/seminarioseung-gab-da-gwun\\\/\"]}]},{\"@type\":\"ImageObject\",\"inLanguage\":\"es\",\"@id\":\"https:\\\/\\\/choyleefut.ar\\\/web\\\/kung-fu\\\/seminarioseung-gab-da-gwun\\\/#primaryimage\",\"url\":\"https:\\\/\\\/choyleefut.ar\\\/web\\\/wp-content\\\/uploads\\\/2023\\\/06\\\/230619-Taller-Seung-Gab-Da-Gwun01-e1687965164741.jpeg\",\"contentUrl\":\"https:\\\/\\\/choyleefut.ar\\\/web\\\/wp-content\\\/uploads\\\/2023\\\/06\\\/230619-Taller-Seung-Gab-Da-Gwun01-e1687965164741.jpeg\",\"width\":1600,\"height\":924,\"caption\":\"Seminario Seung Gab Da Gwun\"},{\"@type\":\"BreadcrumbList\",\"@id\":\"https:\\\/\\\/choyleefut.ar\\\/web\\\/kung-fu\\\/seminarioseung-gab-da-gwun\\\/#breadcrumb\",\"itemListElement\":[{\"@type\":\"ListItem\",\"position\":1,\"name\":\"Home\",\"item\":\"https:\\\/\\\/choyleefut.ar\\\/web\\\/\"},{\"@type\":\"ListItem\",\"position\":2,\"name\":\"SeminarioSeung Gab Da Gwun\"}]},{\"@type\":\"WebSite\",\"@id\":\"https:\\\/\\\/choyleefut.ar\\\/web\\\/#website\",\"url\":\"https:\\\/\\\/choyleefut.ar\\\/web\\\/\",\"name\":\"Choy Lee Fut Argentina\",\"description\":\"Escuela tradicional de Kung fu\",\"potentialAction\":[{\"@type\":\"SearchAction\",\"target\":{\"@type\":\"EntryPoint\",\"urlTemplate\":\"https:\\\/\\\/choyleefut.ar\\\/web\\\/?s={search_term_string}\"},\"query-input\":{\"@type\":\"PropertyValueSpecification\",\"valueRequired\":true,\"valueName\":\"search_term_string\"}}],\"inLanguage\":\"es\"},{\"@type\":\"Person\",\"@id\":\"https:\\\/\\\/choyleefut.ar\\\/web\\\/#\\\/schema\\\/person\\\/77e4f1258179f6b750283bf0cea5288f\",\"name\":\"Sifu Ra\u00fal Suarez\",\"url\":\"https:\\\/\\\/choyleefut.ar\\\/web\\\/author\\\/alcidessu\\\/\"}]}<\/script>\n<!-- \/ Yoast SEO plugin. -->","yoast_head_json":{"title":"SeminarioSeung Gab Da Gwun - Choy Lee Fut Argentina","robots":{"index":"index","follow":"follow","max-snippet":"max-snippet:-1","max-image-preview":"max-image-preview:large","max-video-preview":"max-video-preview:-1"},"canonical":"https:\/\/choyleefut.ar\/web\/kung-fu\/seminarioseung-gab-da-gwun\/","og_locale":"es_ES","og_type":"article","og_title":"SeminarioSeung Gab Da Gwun - Choy Lee Fut Argentina","og_description":"Seminario de Palo de dos cabezas Ying y Yang Nos alegra compartir los detalles y los resultados positivos de nuestro reciente Seminario de Palo de dos cabezas Ying y Yang (Seung Gab Da Gwun) que se llev\u00f3 a cabo el pasado 19 de junio a las 14:00 horas. Este evento estuvo dise\u00f1ado especialmente para nuestros [&hellip;]","og_url":"https:\/\/choyleefut.ar\/web\/kung-fu\/seminarioseung-gab-da-gwun\/","og_site_name":"Choy Lee Fut Argentina","article_published_time":"2023-06-28T15:13:06+00:00","article_modified_time":"2023-06-28T15:15:07+00:00","og_image":[{"width":1600,"height":924,"url":"https:\/\/choyleefut.ar\/web\/wp-content\/uploads\/2023\/06\/230619-Taller-Seung-Gab-Da-Gwun01-e1687965164741.jpeg","type":"image\/jpeg"}],"author":"Sifu Ra\u00fal Suarez","twitter_card":"summary_large_image","twitter_misc":{"Escrito por":"Sifu Ra\u00fal Suarez","Tiempo de lectura":"2 minutos"},"schema":{"@context":"https:\/\/schema.org","@graph":[{"@type":"Article","@id":"https:\/\/choyleefut.ar\/web\/kung-fu\/seminarioseung-gab-da-gwun\/#article","isPartOf":{"@id":"https:\/\/choyleefut.ar\/web\/kung-fu\/seminarioseung-gab-da-gwun\/"},"author":{"name":"Sifu Ra\u00fal Suarez","@id":"https:\/\/choyleefut.ar\/web\/#\/schema\/person\/77e4f1258179f6b750283bf0cea5288f"},"headline":"SeminarioSeung Gab Da Gwun","datePublished":"2023-06-28T15:13:06+00:00","dateModified":"2023-06-28T15:15:07+00:00","mainEntityOfPage":{"@id":"https:\/\/choyleefut.ar\/web\/kung-fu\/seminarioseung-gab-da-gwun\/"},"wordCount":275,"commentCount":1,"image":{"@id":"https:\/\/choyleefut.ar\/web\/kung-fu\/seminarioseung-gab-da-gwun\/#primaryimage"},"thumbnailUrl":"https:\/\/choyleefut.ar\/web\/wp-content\/uploads\/2023\/06\/230619-Taller-Seung-Gab-Da-Gwun01-e1687965164741.jpeg","keywords":["novedades"],"articleSection":["Actividades","Kung fu"],"inLanguage":"es","potentialAction":[{"@type":"CommentAction","name":"Comment","target":["https:\/\/choyleefut.ar\/web\/kung-fu\/seminarioseung-gab-da-gwun\/#respond"]}]},{"@type":"WebPage","@id":"https:\/\/choyleefut.ar\/web\/kung-fu\/seminarioseung-gab-da-gwun\/","url":"https:\/\/choyleefut.ar\/web\/kung-fu\/seminarioseung-gab-da-gwun\/","name":"SeminarioSeung Gab Da Gwun - Choy Lee Fut Argentina","isPartOf":{"@id":"https:\/\/choyleefut.ar\/web\/#website"},"primaryImageOfPage":{"@id":"https:\/\/choyleefut.ar\/web\/kung-fu\/seminarioseung-gab-da-gwun\/#primaryimage"},"image":{"@id":"https:\/\/choyleefut.ar\/web\/kung-fu\/seminarioseung-gab-da-gwun\/#primaryimage"},"thumbnailUrl":"https:\/\/choyleefut.ar\/web\/wp-content\/uploads\/2023\/06\/230619-Taller-Seung-Gab-Da-Gwun01-e1687965164741.jpeg","datePublished":"2023-06-28T15:13:06+00:00","dateModified":"2023-06-28T15:15:07+00:00","author":{"@id":"https:\/\/choyleefut.ar\/web\/#\/schema\/person\/77e4f1258179f6b750283bf0cea5288f"},"breadcrumb":{"@id":"https:\/\/choyleefut.ar\/web\/kung-fu\/seminarioseung-gab-da-gwun\/#breadcrumb"},"inLanguage":"es","potentialAction":[{"@type":"ReadAction","target":["https:\/\/choyleefut.ar\/web\/kung-fu\/seminarioseung-gab-da-gwun\/"]}]},{"@type":"ImageObject","inLanguage":"es","@id":"https:\/\/choyleefut.ar\/web\/kung-fu\/seminarioseung-gab-da-gwun\/#primaryimage","url":"https:\/\/choyleefut.ar\/web\/wp-content\/uploads\/2023\/06\/230619-Taller-Seung-Gab-Da-Gwun01-e1687965164741.jpeg","contentUrl":"https:\/\/choyleefut.ar\/web\/wp-content\/uploads\/2023\/06\/230619-Taller-Seung-Gab-Da-Gwun01-e1687965164741.jpeg","width":1600,"height":924,"caption":"Seminario Seung Gab Da Gwun"},{"@type":"BreadcrumbList","@id":"https:\/\/choyleefut.ar\/web\/kung-fu\/seminarioseung-gab-da-gwun\/#breadcrumb","itemListElement":[{"@type":"ListItem","position":1,"name":"Home","item":"https:\/\/choyleefut.ar\/web\/"},{"@type":"ListItem","position":2,"name":"SeminarioSeung Gab Da Gwun"}]},{"@type":"WebSite","@id":"https:\/\/choyleefut.ar\/web\/#website","url":"https:\/\/choyleefut.ar\/web\/","name":"Choy Lee Fut Argentina","description":"Escuela tradicional de Kung fu","potentialAction":[{"@type":"SearchAction","target":{"@type":"EntryPoint","urlTemplate":"https:\/\/choyleefut.ar\/web\/?s={search_term_string}"},"query-input":{"@type":"PropertyValueSpecification","valueRequired":true,"valueName":"search_term_string"}}],"inLanguage":"es"},{"@type":"Person","@id":"https:\/\/choyleefut.ar\/web\/#\/schema\/person\/77e4f1258179f6b750283bf0cea5288f","name":"Sifu Ra\u00fal Suarez","url":"https:\/\/choyleefut.ar\/web\/author\/alcidessu\/"}]}},"_links":{"self":[{"href":"https:\/\/choyleefut.ar\/web\/wp-json\/wp\/v2\/posts\/1768","targetHints":{"allow":["GET"]}}],"collection":[{"href":"https:\/\/choyleefut.ar\/web\/wp-json\/wp\/v2\/posts"}],"about":[{"href":"https:\/\/choyleefut.ar\/web\/wp-json\/wp\/v2\/types\/post"}],"author":[{"embeddable":true,"href":"https:\/\/choyleefut.ar\/web\/wp-json\/wp\/v2\/users\/2"}],"replies":[{"embeddable":true,"href":"https:\/\/choyleefut.ar\/web\/wp-json\/wp\/v2\/comments?post=1768"}],"version-history":[{"count":2,"href":"https:\/\/choyleefut.ar\/web\/wp-json\/wp\/v2\/posts\/1768\/revisions"}],"predecessor-version":[{"id":1774,"href":"https:\/\/choyleefut.ar\/web\/wp-json\/wp\/v2\/posts\/1768\/revisions\/1774"}],"wp:featuredmedia":[{"embeddable":true,"href":"https:\/\/choyleefut.ar\/web\/wp-json\/wp\/v2\/media\/1773"}],"wp:attachment":[{"href":"https:\/\/choyleefut.ar\/web\/wp-json\/wp\/v2\/media?parent=1768"}],"wp:term":[{"taxonomy":"category","embeddable":true,"href":"https:\/\/choyleefut.ar\/web\/wp-json\/wp\/v2\/categories?post=1768"},{"taxonomy":"post_tag","embeddable":true,"href":"https:\/\/choyleefut.ar\/web\/wp-json\/wp\/v2\/tags?post=1768"}],"curies":[{"name":"wp","href":"https:\/\/api.w.org\/{rel}","templated":true}]}}